{"id":5442,"date":"2022-09-10T19:39:15","date_gmt":"2022-09-10T23:39:15","guid":{"rendered":"https:\/\/webdealta.info\/?p=5442"},"modified":"2022-09-10T19:39:16","modified_gmt":"2022-09-10T23:39:16","slug":"comportamiento-atipico-de-lluvias-y-temperaturas-en-altagracia","status":"publish","type":"post","link":"https:\/\/webdealta.info\/?p=5442","title":{"rendered":"Comportamiento at\u00edpico de lluvias y temperaturas en Altagracia"},"content":{"rendered":"\n<p>Amanda Saldivia.-<\/p>\n\n\n\n<p>Temperaturas sobre el promedio y pocas precipitaciones, en agosto de 2022, fue el an\u00e1lisis que se desprende de la estaci\u00f3n meteorol\u00f3gica Altagracia \u2013 Apasygua, cuyos registros se llevan desde el 25 de julio de este a\u00f1o, tras ser instalada por el Inameh en la sede de esa asociaci\u00f3n de productores, ubicada en Altagracia de Orituco, Gu\u00e1rico.<\/p>\n\n\n\n<p>El an\u00e1lisis de los registros fue realizado por Javier \u00c1lvarez, t\u00e9cnico en Meteorolog\u00eda e Hidrograf\u00eda, responsable del embalse Guanapito por parte del Minaguas, quien adem\u00e1s forma parte del equipo responsable de la estaci\u00f3n meteorol\u00f3gica Altagracia \u2013 Apasygua.<\/p>\n\n\n\n<p>Aunque dej\u00f3 claro que la estaci\u00f3n est\u00e1 recientemente instalada, lo que no permite profundizar en el an\u00e1lisis, mencion\u00f3 que dispone de informaci\u00f3n de la zona, la cual facilita las comparaciones, entre ellas que \u201cdurante el mes de agosto se obtuvo una temperatura promedio de 27,8 \u00b0C, muy por encima del promedio de la estaci\u00f3n Guanapito, en el per\u00edodo 1980 a 1989, que fue de 25,3 \u00b0C para el mes, este resultado lo consideramos como muy elevado, debido a la diferencia de altura sobre el nivel mar que hay entre los dos puntos de medici\u00f3n que no superan los 100 metros de altura\u201d.<\/p>\n\n\n\n<p>Explic\u00f3 \u00c1lvarez, que agosto por ser un mes de per\u00edodo de lluvias, las temperaturas no deber\u00edan ser tan elevadas; al punto de que durante ese lapso \u201cse present\u00f3 una variaci\u00f3n inusual de temperatura, observ\u00e1ndose que el d\u00eda 12 se registr\u00f3 una m\u00e1xima de 35,2 \u00b0C, la m\u00e1s elevada del mes y la m\u00ednima fue de 21.7 \u00b0C, registrada el d\u00eda 22\u201d.<\/p>\n\n\n\n<p>Entre el an\u00e1lisis compartido con este medio digital, Javier \u00c1lvarez argument\u00f3 que \u201cde igual forma los promedios entre la temperatura m\u00e1xima y la m\u00ednima de cada d\u00eda nos reflejan altas temperaturas durante el mes manteni\u00e9ndose en un rango 29,9 \u00b0C y 26,2 \u00b0C, es por ello que la poblaci\u00f3n pudo sentir un calor excesivo, sobre todo entre las 12 meridiano y las 4 pm, inclusive todav\u00eda a las 8 pm se sent\u00eda fuertemente el calor en espacios cerrados\u201d.&nbsp;<\/p>\n\n\n\n<figure class=\"wp-block-image size-large\"><img loading=\"lazy\" decoding=\"async\" width=\"1024\" height=\"546\" src=\"https:\/\/webdealta.info\/wp-content\/uploads\/2022\/09\/webdealta-estacion-Apasygua-1024x546.png\" alt=\"\" class=\"wp-image-5444\" srcset=\"https:\/\/webdealta.info\/wp-content\/uploads\/2022\/09\/webdealta-estacion-Apasygua.png 1024w, https:\/\/webdealta.info\/wp-content\/uploads\/2022\/09\/webdealta-estacion-Apasygua.png 300w, https:\/\/webdealta.info\/wp-content\/uploads\/2022\/09\/webdealta-estacion-Apasygua.png 768w, https:\/\/webdealta.info\/wp-content\/uploads\/2022\/09\/webdealta-estacion-Apasygua.png 1170w, https:\/\/webdealta.info\/wp-content\/uploads\/2022\/09\/webdealta-estacion-Apasygua.png 1500w, https:\/\/webdealta.info\/wp-content\/uploads\/2022\/09\/webdealta-estacion-Apasygua.png 1280w\" sizes=\"auto, (max-width: 640px) 100vw, 640px\" \/><\/figure>\n\n\n\n<p>En cuanto a la humedad relativa, \u00c1lvarez explic\u00f3 que \u201cel promedio entre la m\u00e1xima y la m\u00ednima del d\u00eda est\u00e1 por debajo del promedio de la estaci\u00f3n Guanapito durante el per\u00edodo 1980 a 1989 que fue de 79%, y en la estaci\u00f3n se obtuvo un promedio de 66% durante el mes, es decir que tuvimos un mes de altas temperaturas y baja humedad\u201d.<\/p>\n\n\n\n<p>Con base a lo anterior, el experto en hidrometeorolog\u00eda afirm\u00f3 que el comportamiento de la lluvias en el mes de agosto fue \u201ctotalmente at\u00edpico respecto a los a\u00f1os anteriores, no fue lo esperado, ya que se ha anunciado que estamos en presencia del fen\u00f3meno La Ni\u00f1a y las lluvias se comportaron como si estuvi\u00e9semos en presencia del fen\u00f3meno El Ni\u00f1o, a diferencia de otras regiones del pa\u00eds, donde hubo exceso de precipitaciones, mientras aqu\u00ed un d\u00e9ficit\u201d.<\/p>\n\n\n\n<p>De acuerdo a los datos, disponibles \u00c1lvarez, precis\u00f3 que \u201csolo cay\u00f3 el 55% del promedio registrado durante el per\u00edodo 1978 a 1981, que fue de 216,5 mm en la estacion de la Planta Chapaiguana; mientras en la estacion Altagracia &#8211; Apasygua, se obtuvo registro de 119,4 mm; los cuales se distribuyeron de la siguiente manera; veinte &nbsp;(20) d\u00edas con lluvia y once (11) d\u00edas sin lluvia, con int\u00e9rvalo de precipitaci\u00f3n de hasta cuatro (4) d\u00edas sin caer ni una gota de agua, y con el agrabante que ninguna de las lluvias registradas superaron los 20 mm en 24 horas, esto trae como consecuencia un importante d\u00e9ficit para el mes\u201d.<\/p>\n\n\n\n<figure class=\"wp-block-image size-large\"><img loading=\"lazy\" decoding=\"async\" width=\"1024\" height=\"546\" src=\"https:\/\/webdealta.info\/wp-content\/uploads\/2022\/09\/webdealta-estacipon-Apasygua-2-1024x546.png\" alt=\"\" class=\"wp-image-5443\" srcset=\"https:\/\/webdealta.info\/wp-content\/uploads\/2022\/09\/webdealta-estacipon-Apasygua-2.png 1024w, https:\/\/webdealta.info\/wp-content\/uploads\/2022\/09\/webdealta-estacipon-Apasygua-2.png 300w, https:\/\/webdealta.info\/wp-content\/uploads\/2022\/09\/webdealta-estacipon-Apasygua-2.png 768w, https:\/\/webdealta.info\/wp-content\/uploads\/2022\/09\/webdealta-estacipon-Apasygua-2.png 1170w, https:\/\/webdealta.info\/wp-content\/uploads\/2022\/09\/webdealta-estacipon-Apasygua-2.png 1500w, https:\/\/webdealta.info\/wp-content\/uploads\/2022\/09\/webdealta-estacipon-Apasygua-2.png 1280w\" sizes=\"auto, (max-width: 640px) 100vw, 640px\" \/><\/figure>\n\n\n\n<p>De all\u00ed que afirm\u00f3, que en agosto el \u201ccomportamiento clim\u00e1tico fue desfavorable para la parroquia Altagracia de Orituco y zonas adyacentes, ya que las temperaturas pico fueron bastante elevadas, por lo que la colectividad pudo sentir una sensaci\u00f3n t\u00e9rmica m\u00e1s sofocante que el pasado mes de junio; en cuanto a las lluvias las mismas fueron deficitarias en la parroquia, esto no nos permite generalizar para el municipio, debido a que no tenemos otras estaciones meteorol\u00f3gicas dispersas en otras parroquias que nos permitan obtener el dato\u201d.<\/p>\n\n\n\n<p>Hizo hincapi\u00e9 en que el aporte se realiza de \u201cmanera informativa para que la colectividad est\u00e9 enterada del comportamiento del clima en la zona y que esto pueda servir de concienciaci\u00f3n ciudadana sobre los da\u00f1os que estamos causando al ambiente, el cual requiere con urgencia el uso racional de sus recursos y sobre todo evitar la tala indiscriminada del bosque\u201d.<\/p>\n\n\n\n<p>Por \u00faltimo, alert\u00f3 que la informaci\u00f3n que se muestra en este resumen \u201ces muy reciente, la cual no es recomendable utilizar para elaboraci\u00f3n de proyectos que requieran mayor volumen de informaci\u00f3n, esta estaci\u00f3n solo tiene un mes de instalada por lo que los datos no tienen consistencia estad\u00edstica para toma de decisiones\u201d y agradeci\u00f3 especialmente a quienes colaboran para lograr obtener estos registros, el objetivo es crear una s\u00f3lida base de dato que sea \u00fatil a todos.<\/p>\n\n\n\n<p>@amandasaldivia  <\/p>\n\n\n\n<p><\/p>\n","protected":false},"excerpt":{"rendered":"<p>Amanda Saldivia.- Temperaturas sobre el promedio y pocas precipitaciones, en agosto de 2022, fue el an\u00e1lisis que se desprende de la estaci\u00f3n meteorol\u00f3gica Altagracia \u2013 Apasygua, cuyos registros se llevan desde el 25 de julio de este a\u00f1o, tras ser instalada por el Inameh en la sede de esa asociaci\u00f3n<\/p>\n","protected":false},"author":2,"featured_media":5445,"comment_status":"open","ping_status":"open","sticky":false,"template":"","format":"standard","meta":{"advanced_seo_description":"","jetpack_seo_html_title":"","jetpack_seo_noindex":false,"_jetpack_memberships_contains_paid_content":false,"footnotes":"","jetpack_publicize_message":"","jetpack_publicize_feature_enabled":true,"jetpack_social_post_already_shared":true,"jetpack_social_options":{"image_generator_settings":{"template":"highway","enabled":false},"version":2}},"categories":[316],"tags":[8,7,32],"class_list":["post-5442","post","type-post","status-publish","format-standard","has-post-thumbnail","hentry","category-clima","tag-altagraciadeorituco","tag-guarico","tag-webdealta",""],"jetpack_publicize_connections":[],"jetpack_featured_media_url":"https:\/\/webdealta.info\/wp-content\/uploads\/2022\/09\/javier-alvarez-webdealta.png","jetpack_sharing_enabled":true,"jetpack_likes_enabled":true,"jetpack-related-posts":[],"jetpack_shortlink":"https:\/\/wp.me\/pcseDn-1pM","_links":{"self":[{"href":"https:\/\/webdealta.info\/index.php?rest_route=\/wp\/v2\/posts\/5442","targetHints":{"allow":["GET"]}}],"collection":[{"href":"https:\/\/webdealta.info\/index.php?rest_route=\/wp\/v2\/posts"}],"about":[{"href":"https:\/\/webdealta.info\/index.php?rest_route=\/wp\/v2\/types\/post"}],"author":[{"embeddable":true,"href":"https:\/\/webdealta.info\/index.php?rest_route=\/wp\/v2\/users\/2"}],"replies":[{"embeddable":true,"href":"https:\/\/webdealta.info\/index.php?rest_route=%2Fwp%2Fv2%2Fcomments&post=5442"}],"version-history":[{"count":1,"href":"https:\/\/webdealta.info\/index.php?rest_route=\/wp\/v2\/posts\/5442\/revisions"}],"predecessor-version":[{"id":5446,"href":"https:\/\/webdealta.info\/index.php?rest_route=\/wp\/v2\/posts\/5442\/revisions\/5446"}],"wp:featuredmedia":[{"embeddable":true,"href":"https:\/\/webdealta.info\/index.php?rest_route=\/wp\/v2\/media\/5445"}],"wp:attachment":[{"href":"https:\/\/webdealta.info\/index.php?rest_route=%2Fwp%2Fv2%2Fmedia&parent=5442"}],"wp:term":[{"taxonomy":"category","embeddable":true,"href":"https:\/\/webdealta.info\/index.php?rest_route=%2Fwp%2Fv2%2Fcategories&post=5442"},{"taxonomy":"post_tag","embeddable":true,"href":"https:\/\/webdealta.info\/index.php?rest_route=%2Fwp%2Fv2%2Ftags&post=5442"}],"curies":[{"name":"wp","href":"https:\/\/api.w.org\/{rel}","templated":true}]}}