{"id":5435,"date":"2022-09-07T21:00:54","date_gmt":"2022-09-08T01:00:54","guid":{"rendered":"https:\/\/webdealta.info\/?p=5435"},"modified":"2022-09-07T21:00:55","modified_gmt":"2022-09-08T01:00:55","slug":"con-actualizacion-profesional-celebran-contadores-49-anos-de-la-ley","status":"publish","type":"post","link":"https:\/\/webdealta.info\/?p=5435","title":{"rendered":"Con actualizaci\u00f3n profesional celebran Contadores 49 a\u00f1os de la Ley"},"content":{"rendered":"\n<p>Amanda Saldivia.-<\/p>\n\n\n\n<p>En el marco de los 49 a\u00f1os de la promulgaci\u00f3n de la Ley del Ejercicio de la Contadur\u00eda P\u00fablica, se realiz\u00f3 un encuentro con los profesionales de esa \u00e1rea en Altagracia de Orituco, a los fines de celebrar la fecha con charlas de actualizaci\u00f3n y la entrega de reconocimientos por a\u00f1os de agremiados.<\/p>\n\n\n\n<p>Leonardo P\u00e1rraga, presidente del Colegio de Contadores P\u00fablicos del estado Gu\u00e1rico, explic\u00f3 que si bien es cierto la fecha de promulgaci\u00f3n de la Ley es el venidero 27 de septiembre, desde ya realizan encuentros con los agremiados para estrechar v\u00ednculos y reforzar temas que son del inter\u00e9s del \u00e1rea profesional que ejercen.<\/p>\n\n\n\n<p>\u201cEs placentero para nosotros decirlo, que la Contadur\u00eda P\u00fablica es una profesi\u00f3n \u00e9lite, en la cual los profesionales de Altagracia de Orituco siempre se han mantenido a par, a la vanguardia, de todos los vicisitudes que amerita el momento en el pa\u00eds, para atender todos los requerimientos en materia mercantil, comercial y tributario\u2026para dar el asesoramiento necesario y la orientaci\u00f3n posible para que cada comercio pueda estar al d\u00eda con todas sus obligaciones\u201d, resalt\u00f3 P\u00e1rraga en entrevista a este medio digital.<\/p>\n\n\n\n<p>Adem\u00e1s de los reconocimientos por a\u00f1os de agremiados al Colegio de Contadores P\u00fablicos de Gu\u00e1rico, el encuentro fue para la actualizaci\u00f3n profesional, de all\u00ed que el licenciado Miguel Garc\u00eda, Secretario de Estudios e Investigaci\u00f3n, imparti\u00f3 una charla sobre el tratamiento contable que se da a una empresa en liquidaci\u00f3n.<\/p>\n\n\n\n<p>Argument\u00f3, que la pandemia trajo consigo consecuencias al \u00e1rea comercial, motivo por el cual orientaron a los profesionales de la contadur\u00eda sobre las \u201ccausales de disoluci\u00f3n que se deben seguir, a su vez que se decrete la disoluci\u00f3n de estas empresas, viene el proceso de liquidaci\u00f3n, en ese proceso, debemos determinar cu\u00e1les los activos netos en liquidaci\u00f3n, los pasivos netos en liquidaci\u00f3n, para tener una referencia de qu\u00e9 queda en esta empresa que se est\u00e1 liquidando\u201d.<\/p>\n\n\n\n<p>Sobre este particular, Miguel Garc\u00eda coment\u00f3 que \u201chemos venido aqu\u00ed a conversar con nuestros colegas en Altagracia, para darle los formatos que deben introducir en el Registro Mercantil y otros organismos para notificar lo referente a la liquidaci\u00f3n de una empresa\u201d.<\/p>\n\n\n\n<p>El encuentro de los Contadores P\u00fablicos fue el pasado jueves primero de septiembre, en la C\u00e1mara de Comercio del municipio Monagas, motivo por el cual Pablo Rojas, presidente de esa instituci\u00f3n, se uni\u00f3 a las actividades y al compartir que sirvi\u00f3 de cierre.<\/p>\n\n\n\n<p>@amandasaldivia  <\/p>\n\n\n\n<p><\/p>\n","protected":false},"excerpt":{"rendered":"<p>Amanda Saldivia.- En el marco de los 49 a\u00f1os de la promulgaci\u00f3n de la Ley del Ejercicio de la Contadur\u00eda P\u00fablica, se realiz\u00f3 un encuentro con los profesionales de esa \u00e1rea en Altagracia de Orituco, a los fines de celebrar la fecha con charlas de actualizaci\u00f3n y la entrega de<\/p>\n","protected":false},"author":2,"featured_media":5436,"comment_status":"open","ping_status":"open","sticky":false,"template":"","format":"standard","meta":{"advanced_seo_description":"","jetpack_seo_html_title":"","jetpack_seo_noindex":false,"_jetpack_memberships_contains_paid_content":false,"footnotes":"","jetpack_publicize_message":"","jetpack_publicize_feature_enabled":true,"jetpack_social_post_already_shared":true,"jetpack_social_options":{"image_generator_settings":{"template":"highway","enabled":false},"version":2}},"categories":[117],"tags":[8,7,32],"class_list":["post-5435","post","type-post","status-publish","format-standard","has-post-thumbnail","hentry","category-celebracion","tag-altagraciadeorituco","tag-guarico","tag-webdealta",""],"jetpack_publicize_connections":[],"jetpack_featured_media_url":"https:\/\/webdealta.info\/wp-content\/uploads\/2022\/09\/contadores-webdealta-2022.png","jetpack_sharing_enabled":true,"jetpack_likes_enabled":true,"jetpack-related-posts":[],"jetpack_shortlink":"https:\/\/wp.me\/pcseDn-1pF","_links":{"self":[{"href":"https:\/\/webdealta.info\/index.php?rest_route=\/wp\/v2\/posts\/5435","targetHints":{"allow":["GET"]}}],"collection":[{"href":"https:\/\/webdealta.info\/index.php?rest_route=\/wp\/v2\/posts"}],"about":[{"href":"https:\/\/webdealta.info\/index.php?rest_route=\/wp\/v2\/types\/post"}],"author":[{"embeddable":true,"href":"https:\/\/webdealta.info\/index.php?rest_route=\/wp\/v2\/users\/2"}],"replies":[{"embeddable":true,"href":"https:\/\/webdealta.info\/index.php?rest_route=%2Fwp%2Fv2%2Fcomments&post=5435"}],"version-history":[{"count":1,"href":"https:\/\/webdealta.info\/index.php?rest_route=\/wp\/v2\/posts\/5435\/revisions"}],"predecessor-version":[{"id":5437,"href":"https:\/\/webdealta.info\/index.php?rest_route=\/wp\/v2\/posts\/5435\/revisions\/5437"}],"wp:featuredmedia":[{"embeddable":true,"href":"https:\/\/webdealta.info\/index.php?rest_route=\/wp\/v2\/media\/5436"}],"wp:attachment":[{"href":"https:\/\/webdealta.info\/index.php?rest_route=%2Fwp%2Fv2%2Fmedia&parent=5435"}],"wp:term":[{"taxonomy":"category","embeddable":true,"href":"https:\/\/webdealta.info\/index.php?rest_route=%2Fwp%2Fv2%2Fcategories&post=5435"},{"taxonomy":"post_tag","embeddable":true,"href":"https:\/\/webdealta.info\/index.php?rest_route=%2Fwp%2Fv2%2Ftags&post=5435"}],"curies":[{"name":"wp","href":"https:\/\/api.w.org\/{rel}","templated":true}]}}