{"id":5432,"date":"2022-09-07T20:48:07","date_gmt":"2022-09-08T00:48:07","guid":{"rendered":"https:\/\/webdealta.info\/?p=5432"},"modified":"2022-09-07T20:48:08","modified_gmt":"2022-09-08T00:48:08","slug":"altagracia-restablecen-electricidad-con-conexion-a-baemari","status":"publish","type":"post","link":"https:\/\/webdealta.info\/?p=5432","title":{"rendered":"Altagracia: restablecen electricidad con conexi\u00f3n a BAEMARI"},"content":{"rendered":"\n<p>Amanda Saldivia.-<\/p>\n\n\n\n<p>Luego de 49 horas sin energ\u00eda el\u00e9ctrica, el servicio fue restablecido en la mayor\u00eda de los circuitos que dependen de la subestaci\u00f3n Altagracia, la cual qued\u00f3 sin suministro desde la tarde del pasado lunes cinco de septiembre, tras presentarse una aver\u00eda en la l\u00ednea de 115 Kv proveniente de Santa Teresa del Tuy, estado Miranda.<\/p>\n\n\n\n<p>Extraoficialmente, se conoci\u00f3 que la subestaci\u00f3n fue energizada nuevamente, en la tarde de este mi\u00e9rcoles, con suministro de la l\u00ednea Baemari (El Sombrero), luego de superar la falla que tambi\u00e9n se present\u00f3 en ese ramal, lo que origin\u00f3 que se retrasara el restablecimiento del servicio el\u00e9ctrico en esta zona de estado Gu\u00e1rico.<\/p>\n\n\n\n<p>Se menciona, que fue en la mayor\u00eda de los circuitos, porque hay reportes de habitantes de Paso Real de Macaira y de Sabana Grande de Orituco, quienes afirman que el suministro no ha sido restablecido, por lo menos as\u00ed lo se\u00f1alaron a las 6:00 pm de este mi\u00e9rcoles; mientras otros, como es el caso de Las Casitas de San Rafael, dicen que est\u00e1 deficiente.<\/p>\n\n\n\n<p>Trascendi\u00f3 que contin\u00faan las labores de revisi\u00f3n de la l\u00ednea 115 Kv de Santa Teresa del Tuy, porque la falla no ha sido localizada y que estar\u00eda llegando personal Corpoelec de esa zona de Miranda, a los fines de continuar las labores de inspecci\u00f3n, para as\u00ed reconectar la subestaci\u00f3n a la brevedad posible.<\/p>\n\n\n\n<p>Es del conocimiento del colectivo gracitano, que esa l\u00ednea alterna llamada Baemari, cuyo nombre proviene de las siglas de la Base A\u00e9rea Manuel R\u00edos, no soporta la demanda del municipio Monagas, de la cual dependen los circuitos el\u00e9ctricos identificados por Corpoelec como Altagracia I, Altagracia II, Macaria I, Macaira II, Lezama y Paso Real.<\/p>\n\n\n\n<p>@amandasaldivia  <\/p>\n\n\n\n<p><\/p>\n","protected":false},"excerpt":{"rendered":"<p>Amanda Saldivia.- Luego de 49 horas sin energ\u00eda el\u00e9ctrica, el servicio fue restablecido en la mayor\u00eda de los circuitos que dependen de la subestaci\u00f3n Altagracia, la cual qued\u00f3 sin suministro desde la tarde del pasado lunes cinco de septiembre, tras presentarse una aver\u00eda en la l\u00ednea de 115 Kv proveniente<\/p>\n","protected":false},"author":2,"featured_media":5433,"comment_status":"open","ping_status":"open","sticky":false,"template":"","format":"standard","meta":{"advanced_seo_description":"","jetpack_seo_html_title":"","jetpack_seo_noindex":false,"_jetpack_memberships_contains_paid_content":false,"footnotes":"","jetpack_publicize_message":"","jetpack_publicize_feature_enabled":true,"jetpack_social_post_already_shared":true,"jetpack_social_options":{"image_generator_settings":{"template":"highway","enabled":false},"version":2}},"categories":[268],"tags":[8,7,32],"class_list":["post-5432","post","type-post","status-publish","format-standard","has-post-thumbnail","hentry","category-servicios-publicos","tag-altagraciadeorituco","tag-guarico","tag-webdealta",""],"jetpack_publicize_connections":[],"jetpack_featured_media_url":"https:\/\/webdealta.info\/wp-content\/uploads\/2022\/09\/subestacion-Altagracia-webdealta-1.png","jetpack_sharing_enabled":true,"jetpack_likes_enabled":true,"jetpack-related-posts":[],"jetpack_shortlink":"https:\/\/wp.me\/pcseDn-1pC","_links":{"self":[{"href":"https:\/\/webdealta.info\/index.php?rest_route=\/wp\/v2\/posts\/5432","targetHints":{"allow":["GET"]}}],"collection":[{"href":"https:\/\/webdealta.info\/index.php?rest_route=\/wp\/v2\/posts"}],"about":[{"href":"https:\/\/webdealta.info\/index.php?rest_route=\/wp\/v2\/types\/post"}],"author":[{"embeddable":true,"href":"https:\/\/webdealta.info\/index.php?rest_route=\/wp\/v2\/users\/2"}],"replies":[{"embeddable":true,"href":"https:\/\/webdealta.info\/index.php?rest_route=%2Fwp%2Fv2%2Fcomments&post=5432"}],"version-history":[{"count":1,"href":"https:\/\/webdealta.info\/index.php?rest_route=\/wp\/v2\/posts\/5432\/revisions"}],"predecessor-version":[{"id":5434,"href":"https:\/\/webdealta.info\/index.php?rest_route=\/wp\/v2\/posts\/5432\/revisions\/5434"}],"wp:featuredmedia":[{"embeddable":true,"href":"https:\/\/webdealta.info\/index.php?rest_route=\/wp\/v2\/media\/5433"}],"wp:attachment":[{"href":"https:\/\/webdealta.info\/index.php?rest_route=%2Fwp%2Fv2%2Fmedia&parent=5432"}],"wp:term":[{"taxonomy":"category","embeddable":true,"href":"https:\/\/webdealta.info\/index.php?rest_route=%2Fwp%2Fv2%2Fcategories&post=5432"},{"taxonomy":"post_tag","embeddable":true,"href":"https:\/\/webdealta.info\/index.php?rest_route=%2Fwp%2Fv2%2Ftags&post=5432"}],"curies":[{"name":"wp","href":"https:\/\/api.w.org\/{rel}","templated":true}]}}