{"id":5430,"date":"2022-09-07T13:30:13","date_gmt":"2022-09-07T17:30:13","guid":{"rendered":"https:\/\/webdealta.info\/?p=5430"},"modified":"2022-09-07T13:30:22","modified_gmt":"2022-09-07T17:30:22","slug":"altagracia-sin-energia-electrica-desde-hace-47-horas","status":"publish","type":"post","link":"https:\/\/webdealta.info\/?p=5430","title":{"rendered":"Altagracia sin energ\u00eda el\u00e9ctrica desde hace 47 horas"},"content":{"rendered":"\n<p>Amanda Saldivia.-<\/p>\n\n\n\n<p>A la hora de escribir esta nota, 1:20 pm, el servicio el\u00e9ctrico no ha sido restituido en Altagracia de Orituco, Gu\u00e1rico, tras quedarse sin energ\u00eda la subestaci\u00f3n de Corpoelec el pasado lunes cinco de septiembre a las 2:10 pm aproximadamente, producto de una aver\u00eda en la l\u00ednea 115KV proveniente de Santa Teresa, estado Miranda.<\/p>\n\n\n\n<p>Desde un primer momento, extra\u00f1\u00f3 que la subestaci\u00f3n no haya sido energizada por la l\u00ednea alterna, identificada por Corpoelec con el nombre de Baemari (El Sombrero), pero horas m\u00e1s tarde se supo que esta present\u00f3 fallas y el servicio en esta regi\u00f3n del estado Gu\u00e1rico va rumbo a cumplir 48 horas sin suministro el\u00e9ctrico.<\/p>\n\n\n\n<p>De esta realidad se derivan otras, la primera que la poblaci\u00f3n se queda parcialmente incomunicada, porque no hay conexi\u00f3n con las operadoras Digitel y Movilnet, mientras se mantiene Movistar intermitente y el ABA de CANTV con las fallas habituales, eso para los ciudadanos y comerciantes que activan plantas de generaci\u00f3n.<\/p>\n\n\n\n<p>No obstante, la consecuencia m\u00e1s grave est\u00e1 en la paralizaci\u00f3n del suministro de agua potable, porque aunque la planta de tratamiento Chapaiguana puede potabilizar el agua sin contar con suministro el\u00e9ctrico, los altos niveles de turbiedad impidieron hacer la aplicaci\u00f3n manual de sulfato de aluminio y fue despu\u00e9s de 24 horas sin el servicio es que Hidrop\u00e1ez anuncia que iniciar\u00eda ese proceso.<\/p>\n\n\n\n<p>Mientras tanto, los sectores claman por agua y la crisis m\u00e1s severa, no solo est\u00e1 en los hogares, sino en el hospital Dr. Jos\u00e9 Francisco Torrealba, donde el personal reporta que van m\u00e1s de dos d\u00edas sin suministro, con el respectivo colapso de los servicios de atenci\u00f3n de salud.<\/p>\n\n\n\n<p><\/p>\n","protected":false},"excerpt":{"rendered":"<p>Amanda Saldivia.- A la hora de escribir esta nota, 1:20 pm, el servicio el\u00e9ctrico no ha sido restituido en Altagracia de Orituco, Gu\u00e1rico, tras quedarse sin energ\u00eda la subestaci\u00f3n de Corpoelec el pasado lunes cinco de septiembre a las 2:10 pm aproximadamente, producto de una aver\u00eda en la l\u00ednea 115KV<\/p>\n","protected":false},"author":2,"featured_media":2754,"comment_status":"open","ping_status":"open","sticky":false,"template":"","format":"standard","meta":{"advanced_seo_description":"","jetpack_seo_html_title":"","jetpack_seo_noindex":false,"_jetpack_memberships_contains_paid_content":false,"footnotes":"","jetpack_publicize_message":"","jetpack_publicize_feature_enabled":true,"jetpack_social_post_already_shared":true,"jetpack_social_options":{"image_generator_settings":{"template":"highway","enabled":false},"version":2}},"categories":[268],"tags":[8,7,32],"class_list":["post-5430","post","type-post","status-publish","format-standard","has-post-thumbnail","hentry","category-servicios-publicos","tag-altagraciadeorituco","tag-guarico","tag-webdealta",""],"jetpack_publicize_connections":[],"jetpack_featured_media_url":"https:\/\/webdealta.info\/wp-content\/uploads\/2021\/07\/Foto-subestacion-Altagracia-1.jpg","jetpack_sharing_enabled":true,"jetpack_likes_enabled":true,"jetpack-related-posts":[],"jetpack_shortlink":"https:\/\/wp.me\/pcseDn-1pA","_links":{"self":[{"href":"https:\/\/webdealta.info\/index.php?rest_route=\/wp\/v2\/posts\/5430","targetHints":{"allow":["GET"]}}],"collection":[{"href":"https:\/\/webdealta.info\/index.php?rest_route=\/wp\/v2\/posts"}],"about":[{"href":"https:\/\/webdealta.info\/index.php?rest_route=\/wp\/v2\/types\/post"}],"author":[{"embeddable":true,"href":"https:\/\/webdealta.info\/index.php?rest_route=\/wp\/v2\/users\/2"}],"replies":[{"embeddable":true,"href":"https:\/\/webdealta.info\/index.php?rest_route=%2Fwp%2Fv2%2Fcomments&post=5430"}],"version-history":[{"count":1,"href":"https:\/\/webdealta.info\/index.php?rest_route=\/wp\/v2\/posts\/5430\/revisions"}],"predecessor-version":[{"id":5431,"href":"https:\/\/webdealta.info\/index.php?rest_route=\/wp\/v2\/posts\/5430\/revisions\/5431"}],"wp:featuredmedia":[{"embeddable":true,"href":"https:\/\/webdealta.info\/index.php?rest_route=\/wp\/v2\/media\/2754"}],"wp:attachment":[{"href":"https:\/\/webdealta.info\/index.php?rest_route=%2Fwp%2Fv2%2Fmedia&parent=5430"}],"wp:term":[{"taxonomy":"category","embeddable":true,"href":"https:\/\/webdealta.info\/index.php?rest_route=%2Fwp%2Fv2%2Fcategories&post=5430"},{"taxonomy":"post_tag","embeddable":true,"href":"https:\/\/webdealta.info\/index.php?rest_route=%2Fwp%2Fv2%2Ftags&post=5430"}],"curies":[{"name":"wp","href":"https:\/\/api.w.org\/{rel}","templated":true}]}}