{"id":5423,"date":"2022-09-02T21:09:09","date_gmt":"2022-09-03T01:09:09","guid":{"rendered":"https:\/\/webdealta.info\/?p=5423"},"modified":"2022-09-02T21:09:10","modified_gmt":"2022-09-03T01:09:10","slug":"inicio-despliegue-militar-y-policial-en-altagracia","status":"publish","type":"post","link":"https:\/\/webdealta.info\/?p=5423","title":{"rendered":"Inici\u00f3 despliegue militar y policial en Altagracia"},"content":{"rendered":"\n<p>Amanda Saldivia.-<\/p>\n\n\n\n<p>Por medio de la Direcci\u00f3n de Seguridad y Defensa Ciudadana de la Alcald\u00eda del municipio Monagas, trascendi\u00f3 que un nuevo despliegue militar y policial se inici\u00f3, este viernes dos de septiembre, en Altagracia de Orituco.<\/p>\n\n\n\n<p>El comisario jefe Miguel Garc\u00eda, director de la mencionada dependencia, comparti\u00f3 fotograf\u00edas en las cuales se muestra el desarrollo de un acto de coordinaci\u00f3n, efectuado en horas de la tarde de este viernes en la sede del Comando Nacional Antiextorsi\u00f3n y Secuestro (CONAS), de esta localidad guarique\u00f1a.<\/p>\n\n\n\n<p>El reporte enviado a este medio de comunicaci\u00f3n digital no aporta detalles del operativo, solo el mensaje del comisario jefe Miguel Garc\u00eda, jubilado del SEBIN, en el cual afirma \u201cque por instrucciones del General de Brigada (EJBV) Henrry Parra Castillo, 2do comandante de la ZODI Gu\u00e1rico y el General de Brigada (GNB) Eduardo Gonz\u00e1lez Correa, comandante de Zona GBN se da inicio al despliegue C\u00edvico Militar Policial durante este fin de semana, con la finalidad de brindarle tranquilidad y seguridad a los ciudadanos en nuestro municipio Jos\u00e9 Tadeo Monagas.<\/p>\n\n\n\n<p>@amandasaldivia   <\/p>\n\n\n\n<p><\/p>\n","protected":false},"excerpt":{"rendered":"<p>Amanda Saldivia.- Por medio de la Direcci\u00f3n de Seguridad y Defensa Ciudadana de la Alcald\u00eda del municipio Monagas, trascendi\u00f3 que un nuevo despliegue militar y policial se inici\u00f3, este viernes dos de septiembre, en Altagracia de Orituco. El comisario jefe Miguel Garc\u00eda, director de la mencionada dependencia, comparti\u00f3 fotograf\u00edas en<\/p>\n","protected":false},"author":2,"featured_media":5424,"comment_status":"open","ping_status":"open","sticky":false,"template":"","format":"standard","meta":{"advanced_seo_description":"","jetpack_seo_html_title":"","jetpack_seo_noindex":false,"_jetpack_memberships_contains_paid_content":false,"footnotes":"","jetpack_publicize_message":"","jetpack_publicize_feature_enabled":true,"jetpack_social_post_already_shared":true,"jetpack_social_options":{"image_generator_settings":{"template":"highway","enabled":false},"version":2}},"categories":[291],"tags":[8,7,32],"class_list":["post-5423","post","type-post","status-publish","format-standard","has-post-thumbnail","hentry","category-seguridad","tag-altagraciadeorituco","tag-guarico","tag-webdealta",""],"jetpack_publicize_connections":[],"jetpack_featured_media_url":"https:\/\/webdealta.info\/wp-content\/uploads\/2022\/09\/operativo-2222.png","jetpack_sharing_enabled":true,"jetpack_likes_enabled":true,"jetpack-related-posts":[],"jetpack_shortlink":"https:\/\/wp.me\/pcseDn-1pt","_links":{"self":[{"href":"https:\/\/webdealta.info\/index.php?rest_route=\/wp\/v2\/posts\/5423","targetHints":{"allow":["GET"]}}],"collection":[{"href":"https:\/\/webdealta.info\/index.php?rest_route=\/wp\/v2\/posts"}],"about":[{"href":"https:\/\/webdealta.info\/index.php?rest_route=\/wp\/v2\/types\/post"}],"author":[{"embeddable":true,"href":"https:\/\/webdealta.info\/index.php?rest_route=\/wp\/v2\/users\/2"}],"replies":[{"embeddable":true,"href":"https:\/\/webdealta.info\/index.php?rest_route=%2Fwp%2Fv2%2Fcomments&post=5423"}],"version-history":[{"count":1,"href":"https:\/\/webdealta.info\/index.php?rest_route=\/wp\/v2\/posts\/5423\/revisions"}],"predecessor-version":[{"id":5425,"href":"https:\/\/webdealta.info\/index.php?rest_route=\/wp\/v2\/posts\/5423\/revisions\/5425"}],"wp:featuredmedia":[{"embeddable":true,"href":"https:\/\/webdealta.info\/index.php?rest_route=\/wp\/v2\/media\/5424"}],"wp:attachment":[{"href":"https:\/\/webdealta.info\/index.php?rest_route=%2Fwp%2Fv2%2Fmedia&parent=5423"}],"wp:term":[{"taxonomy":"category","embeddable":true,"href":"https:\/\/webdealta.info\/index.php?rest_route=%2Fwp%2Fv2%2Fcategories&post=5423"},{"taxonomy":"post_tag","embeddable":true,"href":"https:\/\/webdealta.info\/index.php?rest_route=%2Fwp%2Fv2%2Ftags&post=5423"}],"curies":[{"name":"wp","href":"https:\/\/api.w.org\/{rel}","templated":true}]}}