{"id":5415,"date":"2022-08-31T22:08:48","date_gmt":"2022-09-01T02:08:48","guid":{"rendered":"https:\/\/webdealta.info\/?p=5415"},"modified":"2022-08-31T22:08:49","modified_gmt":"2022-09-01T02:08:49","slug":"con-ascensos-cerro-el-mes-del-bombero-el-cuartel-andre-fourneau","status":"publish","type":"post","link":"https:\/\/webdealta.info\/?p=5415","title":{"rendered":"Con ascensos cerr\u00f3 el mes del bombero el cuartel Andr\u00e9 Fourneau"},"content":{"rendered":"\n<p>Amanda Saldivia.-<\/p>\n\n\n\n<p>Con el acto de ascensos, condecoraciones y reconocimientos cerr\u00f3 el mes de agosto el cuartel de bomberos Andr\u00e9 Fourneau de Altagracia de Orituco, comandando por el coronel Denis Dur\u00e1n, quien resalt\u00f3 la importante labor de los efectivos que est\u00e1n al servicio de la comunidad del municipio Monagas con disciplina, m\u00edstica y abnegaci\u00f3n, lema que distingue a esta instituci\u00f3n en el pa\u00eds. &nbsp;&nbsp;<\/p>\n\n\n\n<p>Aprovech\u00f3 la ocasi\u00f3n para dar cuenta de los esfuerzos que se han hecho para mejorar la instituci\u00f3n y tras felicitarlos por el \u201cgran trabajo realizado\u201d que los hace merecedores de ascensos y reconocimientos especiales, dej\u00f3 claro que \u201cel cuerpo de bomberos no es Denis Dur\u00e1n, son ustedes\u201d.<\/p>\n\n\n\n<p>El coronel Denis Dur\u00e1n mencion\u00f3 las condiciones en las cuales se encontraba la instituci\u00f3n para el a\u00f1o 2019, realidad que lo impuls\u00f3 a reconstruirla desde lo institucional hasta las gestiones para reparar unidades, como es el caso del veh\u00edculo para el combate de incendios, el cual ya est\u00e1 operativo.<\/p>\n\n\n\n<p>Por su parte, Luis del Corral, director general de la alcald\u00eda, dijo que la gesti\u00f3n del alcalde Pedro Sol\u00f3rzano ha estado orientada a la reconstrucci\u00f3n institucional y al referirse a los bomberos expres\u00f3 que \u201custedes representan para nosotros una forma distinta de gestionar la funci\u00f3n bomberil aqu\u00ed en el municipio\u2026estamos seguro que poco a poco ir\u00e1 mejorando la dotaci\u00f3n y la formaci\u00f3n profesional\u201d.<\/p>\n\n\n\n<p>En medio del acto de ascensos y reconocimientos resalt\u00f3 el entregado a William Fourneau, hijo de quien es ep\u00f3nimo del cuartel de bomberos Mayor Andr\u00e9 Fourneau, como una distinci\u00f3n a la memoria de quien impuls\u00f3 la creaci\u00f3n de esa instituci\u00f3n en el municipio Monagas, de la cual adem\u00e1s fue comandante. William Fourneau fue bombero activo y se mantiene en constante apoyo a sus compa\u00f1eros.<\/p>\n\n\n\n<p>A continuaci\u00f3n, el listado de los efectivos que fueron ascendidos:<\/p>\n\n\n\n<p><strong>A Mayor:<\/strong><\/p>\n\n\n\n<ul class=\"wp-block-list\"><li>Jos\u00e9 Arismendi Salcedo Ram\u00edrez<\/li><li>Ross Willians Garc\u00eda Malave<\/li><\/ul>\n\n\n\n<p><strong>A Tenientes:<\/strong><\/p>\n\n\n\n<ul class=\"wp-block-list\"><li>Jos\u00e9 Ram\u00f3n Acosta Castillo<\/li><li>Jos\u00e9 Joel Toro G\u00f3mez<\/li><li>Jes\u00fas Enrique Marrero<\/li><\/ul>\n\n\n\n<p><strong>A Sargento Mayor:<\/strong><\/p>\n\n\n\n<ul class=\"wp-block-list\"><li>Nilson Daniel Salcedo Buroz<\/li><li>Juan Rafael Vargas Rojas<\/li><\/ul>\n\n\n\n<p><strong>A Sargentos Primero:<\/strong><\/p>\n\n\n\n<ul class=\"wp-block-list\"><li>Yonner Javier Bencomo Lugo<\/li><li>Gustavo Alberto Infante Rubin<\/li><li>Luis Eduardo Marrero<\/li><\/ul>\n\n\n\n<p><strong>A Sargentos Segundo:<\/strong><\/p>\n\n\n\n<ul class=\"wp-block-list\"><li>Alexis Francisco Sarmiento<\/li><li>Marioska Bar\u00f3n Garc\u00eda<\/li><\/ul>\n\n\n\n<p><strong>A Distinguidos<\/strong>:<\/p>\n\n\n\n<ul class=\"wp-block-list\"><li>Norelis Deyanira Navas Fuentes<\/li><li>Rosimar Carolina Garc\u00eda Navas<\/li><li>Yormar Javier Rojas Bustamente<\/li><li>Deiris Torres Mendoza<\/li><li>Jos\u00e9 Gregorio Marquez Beroes<\/li><li>Mar\u00ed Josefina Parra Boyer<\/li><li>Luis Jos\u00e9 Beroes Campos<\/li><li>Carla Yusmary G\u00f3mez Guipe<\/li><\/ul>\n\n\n\n<p>A <strong>Sargento Mayor Voluntario:<\/strong><\/p>\n\n\n\n<ul class=\"wp-block-list\"><li>\u00c1ngel Arturo Guti\u00e9rrez Rodr\u00edguez<\/li><li>Rub\u00e9n Guillermo Padr\u00f3n Celis<\/li><\/ul>\n\n\n\n<p><strong>Reconocimientos:<\/strong><\/p>\n\n\n\n<p>A los cuerpos de seguridad e instituciones:<\/p>\n\n\n\n<ul class=\"wp-block-list\"><li>Alcald\u00eda del municipio Monagas<\/li><li>Guardia Nacional Bolivariana, capit\u00e1n Jackson C\u00e1cerez<\/li><li>Polic\u00eda Nacional Bolivariana, comisionada jefe Saira Campos<\/li><li>Polic\u00eda del estado Gu\u00e1rico, comisionada jefe Evelin Jaramillo<\/li><li>Comandancia del destacamento 296 Grupo de Artiller\u00eda, Mayor Wilfrank Tayupe.<\/li><li>ADI- Tamanaco 355, coronel Walner Vivas<\/li><li>CICPC<\/li><li>William Fourneau<\/li><\/ul>\n\n\n\n<p>En el acto distingui\u00f3 la conducci\u00f3n del profesor Rub\u00e9n Padr\u00f3n, quien aparte de maestro de ceremonia, es bombero voluntario y profesor de la UNES. Igualmente, la presentaci\u00f3n art\u00edstica de la ni\u00f1a Esneilys Colmenares, representante del municipio Monagas en Talento de Coraz\u00f3n Infantil. <\/p>\n\n\n\n<p>@amandasaldivia   <\/p>\n\n\n\n<p><\/p>\n","protected":false},"excerpt":{"rendered":"<p>Amanda Saldivia.- Con el acto de ascensos, condecoraciones y reconocimientos cerr\u00f3 el mes de agosto el cuartel de bomberos Andr\u00e9 Fourneau de Altagracia de Orituco, comandando por el coronel Denis Dur\u00e1n, quien resalt\u00f3 la importante labor de los efectivos que est\u00e1n al servicio de la comunidad del municipio Monagas con<\/p>\n","protected":false},"author":2,"featured_media":5416,"comment_status":"open","ping_status":"open","sticky":false,"template":"","format":"standard","meta":{"advanced_seo_description":"","jetpack_seo_html_title":"","jetpack_seo_noindex":false,"_jetpack_memberships_contains_paid_content":false,"footnotes":"","jetpack_publicize_message":"","jetpack_publicize_feature_enabled":true,"jetpack_social_post_already_shared":true,"jetpack_social_options":{"image_generator_settings":{"template":"highway","enabled":false},"version":2}},"categories":[117],"tags":[8,7,32],"class_list":["post-5415","post","type-post","status-publish","format-standard","has-post-thumbnail","hentry","category-celebracion","tag-altagraciadeorituco","tag-guarico","tag-webdealta",""],"jetpack_publicize_connections":[],"jetpack_featured_media_url":"https:\/\/webdealta.info\/wp-content\/uploads\/2022\/08\/bomberos-webdealta.png","jetpack_sharing_enabled":true,"jetpack_likes_enabled":true,"jetpack-related-posts":[],"jetpack_shortlink":"https:\/\/wp.me\/pcseDn-1pl","_links":{"self":[{"href":"https:\/\/webdealta.info\/index.php?rest_route=\/wp\/v2\/posts\/5415","targetHints":{"allow":["GET"]}}],"collection":[{"href":"https:\/\/webdealta.info\/index.php?rest_route=\/wp\/v2\/posts"}],"about":[{"href":"https:\/\/webdealta.info\/index.php?rest_route=\/wp\/v2\/types\/post"}],"author":[{"embeddable":true,"href":"https:\/\/webdealta.info\/index.php?rest_route=\/wp\/v2\/users\/2"}],"replies":[{"embeddable":true,"href":"https:\/\/webdealta.info\/index.php?rest_route=%2Fwp%2Fv2%2Fcomments&post=5415"}],"version-history":[{"count":1,"href":"https:\/\/webdealta.info\/index.php?rest_route=\/wp\/v2\/posts\/5415\/revisions"}],"predecessor-version":[{"id":5417,"href":"https:\/\/webdealta.info\/index.php?rest_route=\/wp\/v2\/posts\/5415\/revisions\/5417"}],"wp:featuredmedia":[{"embeddable":true,"href":"https:\/\/webdealta.info\/index.php?rest_route=\/wp\/v2\/media\/5416"}],"wp:attachment":[{"href":"https:\/\/webdealta.info\/index.php?rest_route=%2Fwp%2Fv2%2Fmedia&parent=5415"}],"wp:term":[{"taxonomy":"category","embeddable":true,"href":"https:\/\/webdealta.info\/index.php?rest_route=%2Fwp%2Fv2%2Fcategories&post=5415"},{"taxonomy":"post_tag","embeddable":true,"href":"https:\/\/webdealta.info\/index.php?rest_route=%2Fwp%2Fv2%2Ftags&post=5415"}],"curies":[{"name":"wp","href":"https:\/\/api.w.org\/{rel}","templated":true}]}}