{"id":5411,"date":"2022-08-30T21:59:33","date_gmt":"2022-08-31T01:59:33","guid":{"rendered":"https:\/\/webdealta.info\/?p=5411"},"modified":"2022-08-30T21:59:34","modified_gmt":"2022-08-31T01:59:34","slug":"ruben-padron-nuevo-director-de-la-u-e-luisa-rojas-de-gonzalez","status":"publish","type":"post","link":"https:\/\/webdealta.info\/?p=5411","title":{"rendered":"Rub\u00e9n Padr\u00f3n nuevo director de la U.E Luisa Rojas de Gonz\u00e1lez"},"content":{"rendered":"\n<p>Amanda Saldivia.-<\/p>\n\n\n\n<p>El nuevo director de la Unidad Educativa Luisa Rojas de Gonz\u00e1lez de San Rafael de Orituco, es el profesor Rub\u00e9n Guillermo Padr\u00f3n Celis, habitante de ese poblado del municipio Monagas, egresado de esa casa de estudios, fundador del nivel media del liceo y quien en la \u00e9poca de estudiante gan\u00f3 el concurso como dise\u00f1ador del logo, que desde el a\u00f1o 1991, distingue a esa instituci\u00f3n educativa.<\/p>\n\n\n\n<p>Tras conocerse el nombramiento, los comentarios de habitantes de San Rafael, as\u00ed como del gremio docente, han sido de apoyo en torno a la gesti\u00f3n que asume el profesor Rub\u00e9n Padr\u00f3n, porque reconocen el trabajo que ha realizado durante a\u00f1os, no solo en la instituci\u00f3n, sino tambi\u00e9n en todas las actividades ligadas al quehacer cultural del municipio Monagas y de ese poblado guarique\u00f1o, con m\u00e1s 300 a\u00f1os de historia.<\/p>\n\n\n\n<p>En la preparaci\u00f3n acad\u00e9mica destaca que este docente sanrafaelino es egresado de la Upel El M\u00e1caro en la especialidad de Lengua y Literatura, tiene postgrado en Educaci\u00f3n para la Gesti\u00f3n Comunitaria, cursa actualmente un doctorado en Ciencia de la Educaci\u00f3n, adem\u00e1s es especialista en Biolog\u00eda de la Micromisi\u00f3n Sim\u00f3n Rodr\u00edguez y ha sido merecedor de innumerables reconocimientos.<\/p>\n\n\n\n<p>Al ofrecer declaraciones a la Web de Altagracia, el profesor Rub\u00e9n Padr\u00f3n, expres\u00f3 que \u201cplanes muchos, entre ellos que se cumpla el lema de la Luisa Rojas de Gonz\u00e1lez, el cual dice\u2026Potencia pedag\u00f3gica, acad\u00e9mica, deportiva, cultural, socio productiva y comunitaria\u201d.<\/p>\n\n\n\n<p>Igualmente, consider\u00f3 importante crear condiciones para la formaci\u00f3n universitaria en los espacios de la instituci\u00f3n, de all\u00ed que adelanta conversaciones con directivos de la UPEL, UPTLL y UNERG.<\/p>\n\n\n\n<p>@amandasaldivia  <\/p>\n\n\n\n<p><\/p>\n","protected":false},"excerpt":{"rendered":"<p>Amanda Saldivia.- El nuevo director de la Unidad Educativa Luisa Rojas de Gonz\u00e1lez de San Rafael de Orituco, es el profesor Rub\u00e9n Guillermo Padr\u00f3n Celis, habitante de ese poblado del municipio Monagas, egresado de esa casa de estudios, fundador del nivel media del liceo y quien en la \u00e9poca de<\/p>\n","protected":false},"author":2,"featured_media":5412,"comment_status":"open","ping_status":"open","sticky":false,"template":"","format":"standard","meta":{"advanced_seo_description":"","jetpack_seo_html_title":"","jetpack_seo_noindex":false,"_jetpack_memberships_contains_paid_content":false,"footnotes":"","jetpack_publicize_message":"","jetpack_publicize_feature_enabled":true,"jetpack_social_post_already_shared":true,"jetpack_social_options":{"image_generator_settings":{"template":"highway","enabled":false},"version":2}},"categories":[151],"tags":[8,7,32],"class_list":["post-5411","post","type-post","status-publish","format-standard","has-post-thumbnail","hentry","category-educacion","tag-altagraciadeorituco","tag-guarico","tag-webdealta",""],"jetpack_publicize_connections":[],"jetpack_featured_media_url":"https:\/\/webdealta.info\/wp-content\/uploads\/2022\/08\/ruben-padron-webdealta.png","jetpack_sharing_enabled":true,"jetpack_likes_enabled":true,"jetpack-related-posts":[],"jetpack_shortlink":"https:\/\/wp.me\/pcseDn-1ph","_links":{"self":[{"href":"https:\/\/webdealta.info\/index.php?rest_route=\/wp\/v2\/posts\/5411","targetHints":{"allow":["GET"]}}],"collection":[{"href":"https:\/\/webdealta.info\/index.php?rest_route=\/wp\/v2\/posts"}],"about":[{"href":"https:\/\/webdealta.info\/index.php?rest_route=\/wp\/v2\/types\/post"}],"author":[{"embeddable":true,"href":"https:\/\/webdealta.info\/index.php?rest_route=\/wp\/v2\/users\/2"}],"replies":[{"embeddable":true,"href":"https:\/\/webdealta.info\/index.php?rest_route=%2Fwp%2Fv2%2Fcomments&post=5411"}],"version-history":[{"count":1,"href":"https:\/\/webdealta.info\/index.php?rest_route=\/wp\/v2\/posts\/5411\/revisions"}],"predecessor-version":[{"id":5413,"href":"https:\/\/webdealta.info\/index.php?rest_route=\/wp\/v2\/posts\/5411\/revisions\/5413"}],"wp:featuredmedia":[{"embeddable":true,"href":"https:\/\/webdealta.info\/index.php?rest_route=\/wp\/v2\/media\/5412"}],"wp:attachment":[{"href":"https:\/\/webdealta.info\/index.php?rest_route=%2Fwp%2Fv2%2Fmedia&parent=5411"}],"wp:term":[{"taxonomy":"category","embeddable":true,"href":"https:\/\/webdealta.info\/index.php?rest_route=%2Fwp%2Fv2%2Fcategories&post=5411"},{"taxonomy":"post_tag","embeddable":true,"href":"https:\/\/webdealta.info\/index.php?rest_route=%2Fwp%2Fv2%2Ftags&post=5411"}],"curies":[{"name":"wp","href":"https:\/\/api.w.org\/{rel}","templated":true}]}}