{"id":5403,"date":"2022-08-28T12:07:12","date_gmt":"2022-08-28T16:07:12","guid":{"rendered":"https:\/\/webdealta.info\/?p=5403"},"modified":"2022-08-28T12:07:13","modified_gmt":"2022-08-28T16:07:13","slug":"canache-falla-de-borde-amenaza-transito-entre-guarico-y-sur-de-aragua","status":"publish","type":"post","link":"https:\/\/webdealta.info\/?p=5403","title":{"rendered":"Canache: falla de borde amenaza tr\u00e1nsito entre Gu\u00e1rico y sur de Aragua\u00a0"},"content":{"rendered":"\n<p>La fracci\u00f3n parlamentaria de la Alianza Democr\u00e1tica en el estado Gu\u00e1rico alert\u00f3 sobre las posibilidades que existen de quedar incomunicadas las zonas del sur de Aragua con la capital de esta regi\u00f3n llanera, debido a una falla de borde en plena carretera nacional.&nbsp;<\/p>\n\n\n\n<p>Esta arteria vial conecta principalmente a San Juan de los Morros con San Sebasti\u00e1n de los Reyes del sur arag\u00fce\u00f1o, as\u00ed como los estados Miranda, Anzo\u00e1tegui y la ciudad de Caracas, explic\u00f3 el legislador, Luis Canache, durante una inspecci\u00f3n en la carretera nacional, espec\u00edficamente en la comunidad Las Palmas.&nbsp;<\/p>\n\n\n\n<p>\u00abEl gobierno est\u00e1 informado sobre esta situaci\u00f3n y, de hecho, el Gobernador pasa por esta v\u00eda de forma frecuente en bicicleta junto a su equipo y son incapaces de ocuparse de esta situaci\u00f3n\u00bb, reproch\u00f3 el parlamentario guarique\u00f1o.<\/p>\n\n\n\n<p>Por su parte, Luis D\u00edaz, director del departamento de Servicios P\u00fablicos de la Alcald\u00eda del municipio Roscio agreg\u00f3, que el deterioro de la v\u00eda ha ido empeorando ante las recientes lluvias y adem\u00e1s representa un alto riesgo para el transporte de carga pesada. Se\u00f1al\u00f3 que estas reparaciones son competencia del gobierno nacional y regional.&nbsp;<\/p>\n\n\n\n<p>\u00abEn este mismo tramo de la carretera nacional, tambi\u00e9n existe otra falla de borde y de ceder por completo, afectar\u00eda a m\u00e1s de 10 comunidades que hacen vida en la zona\u00bb, alert\u00f3 D\u00edaz.<\/p>\n\n\n\n<p>Prensa Alianza Democr\u00e1tica  <\/p>\n\n\n\n<p><\/p>\n","protected":false},"excerpt":{"rendered":"<p>La fracci\u00f3n parlamentaria de la Alianza Democr\u00e1tica en el estado Gu\u00e1rico alert\u00f3 sobre las posibilidades que existen de quedar incomunicadas las zonas del sur de Aragua con la capital de esta regi\u00f3n llanera, debido a una falla de borde en plena carretera nacional.&nbsp; Esta arteria vial conecta principalmente a San<\/p>\n","protected":false},"author":2,"featured_media":5404,"comment_status":"open","ping_status":"open","sticky":false,"template":"","format":"standard","meta":{"advanced_seo_description":"","jetpack_seo_html_title":"","jetpack_seo_noindex":false,"_jetpack_memberships_contains_paid_content":false,"footnotes":"","jetpack_publicize_message":"","jetpack_publicize_feature_enabled":true,"jetpack_social_post_already_shared":true,"jetpack_social_options":{"image_generator_settings":{"template":"highway","enabled":false},"version":2}},"categories":[197],"tags":[8,7,32],"class_list":["post-5403","post","type-post","status-publish","format-standard","has-post-thumbnail","hentry","category-denuncia","tag-altagraciadeorituco","tag-guarico","tag-webdealta",""],"jetpack_publicize_connections":[],"jetpack_featured_media_url":"https:\/\/webdealta.info\/wp-content\/uploads\/2022\/08\/ALIANZA-DEMOCRATICA-WEBDEALTA.png","jetpack_sharing_enabled":true,"jetpack_likes_enabled":true,"jetpack-related-posts":[],"jetpack_shortlink":"https:\/\/wp.me\/pcseDn-1p9","_links":{"self":[{"href":"https:\/\/webdealta.info\/index.php?rest_route=\/wp\/v2\/posts\/5403","targetHints":{"allow":["GET"]}}],"collection":[{"href":"https:\/\/webdealta.info\/index.php?rest_route=\/wp\/v2\/posts"}],"about":[{"href":"https:\/\/webdealta.info\/index.php?rest_route=\/wp\/v2\/types\/post"}],"author":[{"embeddable":true,"href":"https:\/\/webdealta.info\/index.php?rest_route=\/wp\/v2\/users\/2"}],"replies":[{"embeddable":true,"href":"https:\/\/webdealta.info\/index.php?rest_route=%2Fwp%2Fv2%2Fcomments&post=5403"}],"version-history":[{"count":1,"href":"https:\/\/webdealta.info\/index.php?rest_route=\/wp\/v2\/posts\/5403\/revisions"}],"predecessor-version":[{"id":5405,"href":"https:\/\/webdealta.info\/index.php?rest_route=\/wp\/v2\/posts\/5403\/revisions\/5405"}],"wp:featuredmedia":[{"embeddable":true,"href":"https:\/\/webdealta.info\/index.php?rest_route=\/wp\/v2\/media\/5404"}],"wp:attachment":[{"href":"https:\/\/webdealta.info\/index.php?rest_route=%2Fwp%2Fv2%2Fmedia&parent=5403"}],"wp:term":[{"taxonomy":"category","embeddable":true,"href":"https:\/\/webdealta.info\/index.php?rest_route=%2Fwp%2Fv2%2Fcategories&post=5403"},{"taxonomy":"post_tag","embeddable":true,"href":"https:\/\/webdealta.info\/index.php?rest_route=%2Fwp%2Fv2%2Ftags&post=5403"}],"curies":[{"name":"wp","href":"https:\/\/api.w.org\/{rel}","templated":true}]}}