{"id":5391,"date":"2022-08-27T21:20:59","date_gmt":"2022-08-28T01:20:59","guid":{"rendered":"https:\/\/webdealta.info\/?p=5391"},"modified":"2022-08-27T21:21:00","modified_gmt":"2022-08-28T01:21:00","slug":"comision-impulsara-que-guarico-sea-declarado-zona-economica-especial","status":"publish","type":"post","link":"https:\/\/webdealta.info\/?p=5391","title":{"rendered":"Comisi\u00f3n impulsar\u00e1 que Gu\u00e1rico sea declarado Zona Econ\u00f3mica Especial"},"content":{"rendered":"\n<p>Amanda Saldivia.-<\/p>\n\n\n\n<p>En un ambiente de optimismo y con un claro conocimiento de la crisis que atraviesa el pa\u00eds, fue conformada la comisi\u00f3n que impulsar\u00e1 que el estado Gu\u00e1rico sea declarado Zona Econ\u00f3mica Especial (ZEE), en concordancia con la Ley del mismo nombre que fue recientemente aprobada por la Asamblea Nacional y la cual es promocionada por el Dr. Nicol\u00e1s Espinoza, representante de la ONG Plataforma Agroalimentaria, quien se apoy\u00f3 en la C\u00e1mara de Comercio del municipio Monagas, para congregar al resto de los directivos del sector comercial de la entidad, as\u00ed como tambi\u00e9n a miembros de asociaciones de productores agropecuarios.<\/p>\n\n\n\n<p>La comisi\u00f3n qued\u00f3 integrada por representantes de cada uno de los gremios que asistieron al conversatorio sobre la Ley de Zonas Econ\u00f3micas Especiales, que se realiz\u00f3 este s\u00e1bado 27 de agosto, en el hotel Campanario de Altagracia de Orituco, para conocer las bondades de este instrumento jur\u00eddico expuestas por el Dr. Nicol\u00e1s Espinoza, quien dio un repaso por el panorama financiero gubernamental, el bancario privado y la posibilidad que se abre para el sector productivo del pa\u00eds con las ZEE.<\/p>\n\n\n\n<p>Para el Dr. Espinoza no es \u201ctiempo de pesimismo\u201d, de all\u00ed que apenas tuvo conocimiento de las posibilidades de financiamiento por v\u00eda de las ZEE, ha mantenido comunicaci\u00f3n con el diputado Luis Eduardo Mart\u00ednez, corredactor de la Ley, para impulsar que Gu\u00e1rico sea incluido como en un primer momento ya lo son zonas como La Guaira, La Tortuga y Mor\u00f3n.<\/p>\n\n\n\n<p>\u201cGu\u00e1rico tiene todas las condiciones, de producci\u00f3n y sistemas de riego para que sea incluido en la Ley de Zonas Especiales, porque es una forma de reactivar la econom\u00eda del estado, rescatar la confianza de los inversionistas y aumentar la producci\u00f3n agr\u00edcola y lo fundamentamos en dos normas constituciones que el Estado es el responsable de la soberan\u00eda alimentaria y en base a esos articulados, el 305 y 306 de la Constituci\u00f3n, le pedimos al ejecutivo nacional la incorporaci\u00f3n del Gu\u00e1rico\u201d, argument\u00f3 Espinoza en su exposici\u00f3n.<\/p>\n\n\n\n<p>Al preguntarle sobre la posibilidad de que el ejecutivo apruebe la incorporaci\u00f3n de Gu\u00e1rico, precis\u00f3 que la ley se promulg\u00f3 el 20 de julio de este a\u00f1o con el enfoque al turismo, pero dej\u00f3 claro que la comisi\u00f3n debe trabajar para lograrlo, porque \u201cla motivaci\u00f3n la debemos tener nosotros mismo, este encuentro con las c\u00e1maras de comercio, con los gremios agr\u00edcolas y posteriormente se har\u00e1 con el gobierno regional, con los alcaldes, para elevar la propuesta al superintendente de Zonas Especiales, que est\u00e1 adscrito a la vicepresidencia de la Rep\u00fablica\u201d.<\/p>\n\n\n\n<p>Calific\u00f3 como positivo el encuentro, porque la iniciativa la tienen las C\u00e1maras de Comercio, \u201cla C\u00e1mara de Altagracia de Orituco se convirti\u00f3 en anfitriona\u2026tenemos una comisi\u00f3n de trabajo\u201d, para hacer el planteamiento y elevarlo a consideraci\u00f3n de diputado Luis Eduardo Mart\u00ednez y del Superintendente de ZEE.<\/p>\n\n\n\n<p><strong>C\u00e1mara de Comercio de Altagracia la anfitriona<\/strong><\/p>\n\n\n\n<figure class=\"wp-block-image size-large\"><img loading=\"lazy\" decoding=\"async\" width=\"1024\" height=\"546\" src=\"https:\/\/webdealta.info\/wp-content\/uploads\/2022\/08\/ZEE-webdealta-2-1024x546.png\" alt=\"\" class=\"wp-image-5393\" srcset=\"https:\/\/webdealta.info\/wp-content\/uploads\/2022\/08\/ZEE-webdealta-2.png 1024w, https:\/\/webdealta.info\/wp-content\/uploads\/2022\/08\/ZEE-webdealta-2.png 300w, https:\/\/webdealta.info\/wp-content\/uploads\/2022\/08\/ZEE-webdealta-2.png 768w, https:\/\/webdealta.info\/wp-content\/uploads\/2022\/08\/ZEE-webdealta-2.png 1170w, https:\/\/webdealta.info\/wp-content\/uploads\/2022\/08\/ZEE-webdealta-2.png 1500w, https:\/\/webdealta.info\/wp-content\/uploads\/2022\/08\/ZEE-webdealta-2.png 1280w\" sizes=\"auto, (max-width: 640px) 100vw, 640px\" \/><\/figure>\n\n\n\n<p>Por su parte, Pablo Rojas, presidente de la C\u00e1mara de Comercio, agradeci\u00f3 al ponente, a los gremios presentes y destac\u00f3 que hay un compromiso de trabajo para presentar esa propuesta que abrir\u00eda una posibilidad de desarrollo de la entidad, en la cual \u201csufrimos de las mismas carencias, tenemos los mismos objetivos, porque todos los que estamos aqu\u00ed hemos decidido quedarnos en el pa\u00eds y para eso tenemos que seguir trabajando, luchando d\u00eda a d\u00eda, para hacer de nuestra comunidad un mejor lugar para vivir\u201d.<\/p>\n\n\n\n<p><strong>Hablaron los gremios<\/strong><\/p>\n\n\n\n<p>Seguidamente, Junior Mart\u00ednez, presidente de Fedec\u00e1maras Gu\u00e1rico, expres\u00f3 que toda iniciativa que sea para reactivar la producci\u00f3n del estado cuenta con el apoyo de ese gremio y que la asistencia fue para enterarse de qu\u00e9 son las Zonas Econ\u00f3micas Especiales, lo que marca la ruta para conformar la comisi\u00f3n y \u201chacer la propuesta directamente desde el estado, hay muchas expectativas con respecto a esto y nosotros son sentimos muy contentos, porque este tipo de propuestas hacen falta en nuestro estado\u201d. &nbsp;<\/p>\n\n\n\n<p>Tambi\u00e9n al encuentro asisti\u00f3 Jos\u00e9 Samir, presidente de la C\u00e1mara de Comercio de Roscio, quien calific\u00f3 como excelente el conversatorio y la oportunidad de que Gu\u00e1rico, al igual que otros estados agr\u00edcolas del pa\u00eds, sean incluidos como ZEE y aunque acot\u00f3 que ese municipio no tiene extensi\u00f3n para las siembras y la cr\u00eda, si hay zonas como Cantagallo donde hay producci\u00f3n, motivo por el cual apoya la iniciativa por considerarla una oportunidad para impulsar el desarrollo.<\/p>\n\n\n\n<p>Por Valle de la Pascua, Jos\u00e9 Federico Blanco, presidente de la C\u00e1mara de Comercio del municipio Leonardo Infante, expres\u00f3 que como gremio est\u00e1n enfocados en el porvenir, calific\u00f3 como una \u201cgran iniciativa que apoyamos un 100 por ciento, tomando en cuenta que este es un estado totalmente reprimido, como somos netamente agropecuarios y dependemos casi el 90 por ciento de la agricultura y la ganader\u00eda, esperamos que esto realmente se d\u00e9\u201d.<\/p>\n\n\n\n<p>De ese mismo gremio de comerciantes de Valle de la Pascua, dio su punto de vista sobre el encuentro Rito Ledezma, quien considera que en torno a esa posibilidad hay \u201coptimismo y entusiasmo\u201d, porque est\u00e1n llamados a seguir insistiendo, a pesar de otras experiencias negativas.<\/p>\n\n\n\n<p>\u201cUno no puede ser en ning\u00fan momento pesimista, debemos que apostar al progreso y al desarrollo de nuestra de regi\u00f3n del Gu\u00e1rico, de Altagracia de Orituco, me pareci\u00f3 la reuni\u00f3n muy productiva, porque se congreg\u00f3 a todo la parte empresarial de nuestro estado, lo inicial es que se incluya al estado Gu\u00e1rico en Zona Econ\u00f3mica Especial, y despu\u00e9s en desarrollo de las actividades vendr\u00e1 la reglamentaci\u00f3n de la ley y las respectivas comisiones y cada quien aportar\u00e1 sus proyectos\u201d, fue el punto de vista expresado por Edgar Zerpa, directivo de la asociaci\u00f3n APOPEP del municipio Monagas, quien tambi\u00e9n fue consultado por este medio digital.<\/p>\n\n\n\n<p>Al conversatorio tambi\u00e9n asistieron representantes de Apoleca, Apasygua, Aprosor, Hortacer, Rescopagro y Apopep.<\/p>\n\n\n\n<p>@amandasaldivia <\/p>\n\n\n\n<p><\/p>\n","protected":false},"excerpt":{"rendered":"<p>Amanda Saldivia.- En un ambiente de optimismo y con un claro conocimiento de la crisis que atraviesa el pa\u00eds, fue conformada la comisi\u00f3n que impulsar\u00e1 que el estado Gu\u00e1rico sea declarado Zona Econ\u00f3mica Especial (ZEE), en concordancia con la Ley del mismo nombre que fue recientemente aprobada por la Asamblea<\/p>\n","protected":false},"author":2,"featured_media":5392,"comment_status":"open","ping_status":"open","sticky":false,"template":"","format":"standard","meta":{"advanced_seo_description":"","jetpack_seo_html_title":"","jetpack_seo_noindex":false,"_jetpack_memberships_contains_paid_content":false,"footnotes":"","jetpack_publicize_message":"","jetpack_publicize_feature_enabled":true,"jetpack_social_post_already_shared":true,"jetpack_social_options":{"image_generator_settings":{"template":"highway","enabled":false},"version":2}},"categories":[310],"tags":[8,7,32],"class_list":["post-5391","post","type-post","status-publish","format-standard","has-post-thumbnail","hentry","category-camara-de-comercio","tag-altagraciadeorituco","tag-guarico","tag-webdealta",""],"jetpack_publicize_connections":[],"jetpack_featured_media_url":"https:\/\/webdealta.info\/wp-content\/uploads\/2022\/08\/ZEE-webdealta.png","jetpack_sharing_enabled":true,"jetpack_likes_enabled":true,"jetpack-related-posts":[],"jetpack_shortlink":"https:\/\/wp.me\/pcseDn-1oX","_links":{"self":[{"href":"https:\/\/webdealta.info\/index.php?rest_route=\/wp\/v2\/posts\/5391","targetHints":{"allow":["GET"]}}],"collection":[{"href":"https:\/\/webdealta.info\/index.php?rest_route=\/wp\/v2\/posts"}],"about":[{"href":"https:\/\/webdealta.info\/index.php?rest_route=\/wp\/v2\/types\/post"}],"author":[{"embeddable":true,"href":"https:\/\/webdealta.info\/index.php?rest_route=\/wp\/v2\/users\/2"}],"replies":[{"embeddable":true,"href":"https:\/\/webdealta.info\/index.php?rest_route=%2Fwp%2Fv2%2Fcomments&post=5391"}],"version-history":[{"count":1,"href":"https:\/\/webdealta.info\/index.php?rest_route=\/wp\/v2\/posts\/5391\/revisions"}],"predecessor-version":[{"id":5394,"href":"https:\/\/webdealta.info\/index.php?rest_route=\/wp\/v2\/posts\/5391\/revisions\/5394"}],"wp:featuredmedia":[{"embeddable":true,"href":"https:\/\/webdealta.info\/index.php?rest_route=\/wp\/v2\/media\/5392"}],"wp:attachment":[{"href":"https:\/\/webdealta.info\/index.php?rest_route=%2Fwp%2Fv2%2Fmedia&parent=5391"}],"wp:term":[{"taxonomy":"category","embeddable":true,"href":"https:\/\/webdealta.info\/index.php?rest_route=%2Fwp%2Fv2%2Fcategories&post=5391"},{"taxonomy":"post_tag","embeddable":true,"href":"https:\/\/webdealta.info\/index.php?rest_route=%2Fwp%2Fv2%2Ftags&post=5391"}],"curies":[{"name":"wp","href":"https:\/\/api.w.org\/{rel}","templated":true}]}}