{"id":5383,"date":"2022-08-25T23:19:37","date_gmt":"2022-08-26T03:19:37","guid":{"rendered":"https:\/\/webdealta.info\/?p=5383"},"modified":"2022-08-25T23:19:38","modified_gmt":"2022-08-26T03:19:38","slug":"alianza-democratica-se-reunira-en-zaraza","status":"publish","type":"post","link":"https:\/\/webdealta.info\/?p=5383","title":{"rendered":"Alianza Democr\u00e1tica se reunir\u00e1 en Zaraza"},"content":{"rendered":"\n<p>Carlos Barrios, secretario general regional de Avanzada Progresista y secretario ejecutivo de la Alianza Democr\u00e1tica en el estado Gu\u00e1rico, inform\u00f3 que el tres de septiembre habr\u00e1 un encuentro de la coalici\u00f3n opositora en Zaraza.<\/p>\n\n\n\n<p>En la actividad participar\u00e1n diputados a la Asamblea Nacional, alcaldes, concejales y jefes regionales de las organizaciones que obtuvieron el triunfo en la Alcald\u00eda de Zaraza, en las pasadas elecciones regionales y municipales.<\/p>\n\n\n\n<p>\u201cEl pueblo de la Atenas del Gu\u00e1rico es opositor al r\u00e9gimen de Maduro y as\u00ed qued\u00f3 demostrado el pasado 21 de noviembre, donde cientos de miles de ciudadanos salieron a manifestar con su voto el descontento e inconformidad de un gobierno nacional, regional y local encabezado por el Psuv, que los ha mantenido sumergidos en el m\u00e1s profundo abandono y descuido\u201d, declar\u00f3 Barrios.<\/p>\n\n\n\n<p>Por tal motivo, extendi\u00f3 la invitaci\u00f3n a toda la clase pol\u00edtica opositora y a la poblaci\u00f3n en general a participar este encuentro el pr\u00f3ximo s\u00e1bado 3 de septiembre, en la sede del partido Acci\u00f3n Democr\u00e1tica a las 9 de la ma\u00f1ana.<\/p>\n\n\n\n<p>Prensa Alianza Democr\u00e1tica  <\/p>\n\n\n\n<p><\/p>\n","protected":false},"excerpt":{"rendered":"<p>Carlos Barrios, secretario general regional de Avanzada Progresista y secretario ejecutivo de la Alianza Democr\u00e1tica en el estado Gu\u00e1rico, inform\u00f3 que el tres de septiembre habr\u00e1 un encuentro de la coalici\u00f3n opositora en Zaraza. En la actividad participar\u00e1n diputados a la Asamblea Nacional, alcaldes, concejales y jefes regionales de las<\/p>\n","protected":false},"author":2,"featured_media":5384,"comment_status":"open","ping_status":"open","sticky":false,"template":"","format":"standard","meta":{"advanced_seo_description":"","jetpack_seo_html_title":"","jetpack_seo_noindex":false,"_jetpack_memberships_contains_paid_content":false,"footnotes":"","jetpack_publicize_message":"","jetpack_publicize_feature_enabled":true,"jetpack_social_post_already_shared":true,"jetpack_social_options":{"image_generator_settings":{"template":"highway","enabled":false},"version":2}},"categories":[142],"tags":[8,7,32],"class_list":["post-5383","post","type-post","status-publish","format-standard","has-post-thumbnail","hentry","category-politica","tag-altagraciadeorituco","tag-guarico","tag-webdealta",""],"jetpack_publicize_connections":[],"jetpack_featured_media_url":"https:\/\/webdealta.info\/wp-content\/uploads\/2022\/08\/Gran-Encuentro-webdealta.jpg","jetpack_sharing_enabled":true,"jetpack_likes_enabled":true,"jetpack-related-posts":[],"jetpack_shortlink":"https:\/\/wp.me\/pcseDn-1oP","_links":{"self":[{"href":"https:\/\/webdealta.info\/index.php?rest_route=\/wp\/v2\/posts\/5383","targetHints":{"allow":["GET"]}}],"collection":[{"href":"https:\/\/webdealta.info\/index.php?rest_route=\/wp\/v2\/posts"}],"about":[{"href":"https:\/\/webdealta.info\/index.php?rest_route=\/wp\/v2\/types\/post"}],"author":[{"embeddable":true,"href":"https:\/\/webdealta.info\/index.php?rest_route=\/wp\/v2\/users\/2"}],"replies":[{"embeddable":true,"href":"https:\/\/webdealta.info\/index.php?rest_route=%2Fwp%2Fv2%2Fcomments&post=5383"}],"version-history":[{"count":1,"href":"https:\/\/webdealta.info\/index.php?rest_route=\/wp\/v2\/posts\/5383\/revisions"}],"predecessor-version":[{"id":5385,"href":"https:\/\/webdealta.info\/index.php?rest_route=\/wp\/v2\/posts\/5383\/revisions\/5385"}],"wp:featuredmedia":[{"embeddable":true,"href":"https:\/\/webdealta.info\/index.php?rest_route=\/wp\/v2\/media\/5384"}],"wp:attachment":[{"href":"https:\/\/webdealta.info\/index.php?rest_route=%2Fwp%2Fv2%2Fmedia&parent=5383"}],"wp:term":[{"taxonomy":"category","embeddable":true,"href":"https:\/\/webdealta.info\/index.php?rest_route=%2Fwp%2Fv2%2Fcategories&post=5383"},{"taxonomy":"post_tag","embeddable":true,"href":"https:\/\/webdealta.info\/index.php?rest_route=%2Fwp%2Fv2%2Ftags&post=5383"}],"curies":[{"name":"wp","href":"https:\/\/api.w.org\/{rel}","templated":true}]}}