{"id":5371,"date":"2022-08-23T09:19:44","date_gmt":"2022-08-23T13:19:44","guid":{"rendered":"https:\/\/webdealta.info\/?p=5371"},"modified":"2022-08-23T09:19:45","modified_gmt":"2022-08-23T13:19:45","slug":"activan-sistema-de-gestion-de-riesgo-para-atender-familias-de-guarico","status":"publish","type":"post","link":"https:\/\/webdealta.info\/?p=5371","title":{"rendered":"Activan Sistema de Gesti\u00f3n de Riesgo para atender familias de Gu\u00e1rico"},"content":{"rendered":"\n<p>En el estado Gu\u00e1rico, espec\u00edficamente entre los l\u00edmites de los municipios Ortiz y Juan Germ\u00e1n Roscio Nieves, se activ\u00f3 el Sistema de Gesti\u00f3n de Riesgo con despliegue del equipo de Protecci\u00f3n Civil y Administraci\u00f3n de Desastre, en compa\u00f1\u00eda representantes de entes gubernamentales e instituciones, mediante lo cual se brind\u00f3 respuesta inmediata a m\u00e1s de 209 familias afectadas en la zona debido al desborde de los r\u00edos Vilches y Paya.<\/p>\n\n\n\n<p>As\u00ed lo dio a conocer el gobernador de la entidad llanera Jos\u00e9 V\u00e1squez, al ofrecer un balance general de lo que ha sido la atenci\u00f3n brindada por el despliegue de comisiones mixtas entre los sectores Agua Fr\u00eda y del punto y c\u00edrculo de la parroquia Parapara del municipio Juan Germ\u00e1n Roscio Nieves, as\u00ed como el sector Corado Belisario de la parroquia Ortiz.<\/p>\n\n\n\n<p>\u201cNos mantenemos en alerta, desplegados y atendiendo la situaci\u00f3n de contingencia ocasionada por las fuertes lluvias. Nuestros equipos de atenci\u00f3n social e integral se encuentran asistiendo a las familias afectadas\u201d, refiri\u00f3 el Mandatario Regional extendiendo el llamado a la calma a la poblaci\u00f3n, acotando que los n\u00fameros disponibles para solicitar apoyo necesario se tiene el 0800-Gu\u00e1rico (0800- 4827426).<\/p>\n\n\n\n<p>Dentro de las acciones realizadas por el equipo gubernamental, en compa\u00f1\u00eda de los equipos de prevenci\u00f3n, \u00e1rea social y Fuerza Armada Nacional Bolivariana (FANB), se desplegaron los equipos b\u00e1sicos de salud para la atenci\u00f3n de las familias realizando evaluaciones pertinentes, aplicaci\u00f3n de vacunas y suministro de medicamentos, adem\u00e1s de habilitar un&nbsp; refugio dentro de las instalaciones de la E.N.B Juan Germ\u00e1n Roscio Nieves para las familias afectadas en el municipio Ortiz.<\/p>\n\n\n\n<p>A su vez, V\u00e1squez acot\u00f3 que se est\u00e1n realizando levantamiento de inventario en la zona para proceder al suministro necesario de agua potable y alimentos,&nbsp; as\u00ed como lo que compete a la p\u00e9rdida de materiales por cada una de las familias.<\/p>\n\n\n\n<p>En relaci\u00f3n a la atenci\u00f3n en otras zonas del estado, se\u00f1al\u00f3 que en la parroquia Cabruta del municipio Juan Jos\u00e9 Rond\u00f3n tambi\u00e9n mantiene un seguimiento y atenci\u00f3n de riesgo debido a las crecidas del R\u00edo Orinoco, as\u00ed como en la zona de Sombrerito del municipio Esteros de Camagu\u00e1n que se ve anegado por el r\u00edo Portuguesa, mientras que en el municipio Jos\u00e9 F\u00e9lix Ribas, se realiza la movilizaci\u00f3n de maquinaria pesada para solventar el colapso de una alcantarilla que conecta a la parroquia San Rafael de Laya y Tucupido.\/MG<\/p>\n\n\n\n<p>Sibci Gu\u00e1rico<\/p>\n\n\n\n<p><\/p>\n","protected":false},"excerpt":{"rendered":"<p>En el estado Gu\u00e1rico, espec\u00edficamente entre los l\u00edmites de los municipios Ortiz y Juan Germ\u00e1n Roscio Nieves, se activ\u00f3 el Sistema de Gesti\u00f3n de Riesgo con despliegue del equipo de Protecci\u00f3n Civil y Administraci\u00f3n de Desastre, en compa\u00f1\u00eda representantes de entes gubernamentales e instituciones, mediante lo cual se brind\u00f3 respuesta<\/p>\n","protected":false},"author":2,"featured_media":5372,"comment_status":"open","ping_status":"open","sticky":false,"template":"","format":"standard","meta":{"advanced_seo_description":"","jetpack_seo_html_title":"","jetpack_seo_noindex":false,"_jetpack_memberships_contains_paid_content":false,"footnotes":"","jetpack_publicize_message":"","jetpack_publicize_feature_enabled":true,"jetpack_social_post_already_shared":true,"jetpack_social_options":{"image_generator_settings":{"template":"highway","enabled":false},"version":2}},"categories":[284],"tags":[8,7,32],"class_list":["post-5371","post","type-post","status-publish","format-standard","has-post-thumbnail","hentry","category-gobierno-de-guarico","tag-altagraciadeorituco","tag-guarico","tag-webdealta",""],"jetpack_publicize_connections":[],"jetpack_featured_media_url":"https:\/\/webdealta.info\/wp-content\/uploads\/2022\/08\/jose-vasquez-webdealta.png","jetpack_sharing_enabled":true,"jetpack_likes_enabled":true,"jetpack-related-posts":[],"jetpack_shortlink":"https:\/\/wp.me\/pcseDn-1oD","_links":{"self":[{"href":"https:\/\/webdealta.info\/index.php?rest_route=\/wp\/v2\/posts\/5371","targetHints":{"allow":["GET"]}}],"collection":[{"href":"https:\/\/webdealta.info\/index.php?rest_route=\/wp\/v2\/posts"}],"about":[{"href":"https:\/\/webdealta.info\/index.php?rest_route=\/wp\/v2\/types\/post"}],"author":[{"embeddable":true,"href":"https:\/\/webdealta.info\/index.php?rest_route=\/wp\/v2\/users\/2"}],"replies":[{"embeddable":true,"href":"https:\/\/webdealta.info\/index.php?rest_route=%2Fwp%2Fv2%2Fcomments&post=5371"}],"version-history":[{"count":1,"href":"https:\/\/webdealta.info\/index.php?rest_route=\/wp\/v2\/posts\/5371\/revisions"}],"predecessor-version":[{"id":5373,"href":"https:\/\/webdealta.info\/index.php?rest_route=\/wp\/v2\/posts\/5371\/revisions\/5373"}],"wp:featuredmedia":[{"embeddable":true,"href":"https:\/\/webdealta.info\/index.php?rest_route=\/wp\/v2\/media\/5372"}],"wp:attachment":[{"href":"https:\/\/webdealta.info\/index.php?rest_route=%2Fwp%2Fv2%2Fmedia&parent=5371"}],"wp:term":[{"taxonomy":"category","embeddable":true,"href":"https:\/\/webdealta.info\/index.php?rest_route=%2Fwp%2Fv2%2Fcategories&post=5371"},{"taxonomy":"post_tag","embeddable":true,"href":"https:\/\/webdealta.info\/index.php?rest_route=%2Fwp%2Fv2%2Ftags&post=5371"}],"curies":[{"name":"wp","href":"https:\/\/api.w.org\/{rel}","templated":true}]}}