{"id":537,"date":"2020-10-31T12:23:55","date_gmt":"2020-10-31T16:23:55","guid":{"rendered":"https:\/\/webdealta.info\/?p=537"},"modified":"2020-11-02T11:35:53","modified_gmt":"2020-11-02T15:35:53","slug":"actividades-liturgicas-el-dia-de-los-fieles-difuntos","status":"publish","type":"post","link":"https:\/\/webdealta.info\/?p=537","title":{"rendered":"Actividades lit\u00fargicas el D\u00eda de los Fieles Difuntos"},"content":{"rendered":"\n<h4 class=\"wp-block-heading\">Unidas las parroquias Nuestra Se\u00f1ora de Altagracia, Nuestra Se\u00f1ora de los Dolores y San Jos\u00e9 Obrero<\/h4>\n\n\n\n<p>Amanda Saldivia<\/p>\n\n\n\n<p>El padre Luis M\u00e1rquez, p\u00e1rroco de la iglesia San Jos\u00e9 Obrero, anunci\u00f3 que este lunes dos de noviembre habr\u00e1 actividades religiosas en los dos cementerios de Altagracia, con motivo al D\u00eda de los Fieles Difuntos, fecha en la cual se recomienda orar por quienes han partido y se acostumbra visitar los cementerios, el cuidado de las tumbas y reafirmar \u201cque la muerte no es la \u00faltima palabra sobre el destino humano, puesto que el hombre est\u00e1 destinado a una vida sin l\u00edmites, que encuentra su plenitud en Dios\u201d.<\/p>\n\n\n\n<p>Las actividades organizadas estar\u00e1n bajo la responsabilidad de las tres parroquias Nuestra Se\u00f1ora de Altagracia, Nuestra Se\u00f1ora de los Dolores y San Jos\u00e9 Obrero y el padre Luis explic\u00f3 que ofrecer\u00e1n \u00abtres celebraciones lit\u00fargicas en cada cementerio, de forma que las familias puedan ir a la hora de su preferencia, en los horarios 7:00 am, 9:00 am y 11:00 am\u201d.<\/p>\n\n\n\n<p>Agradeci\u00f3 a las familias asistir tomando en consideraci\u00f3n las medidas de bioseguridad y \u201ccomo es tradicional anotar a los difuntos, sugerimos a las familias realizar una tarjeta conmemorativa con los nombres y llevarla a la celebraci\u00f3n este lunes dos de noviembre\u201d.<\/p>\n\n\n\n<p>Esta nota es acompa\u00f1ada por la fotograf\u00eda del \u00e1rea externa del cementerio municipal, ubicado en la calle Vuelvas Caras de Altagracia. La fachada evidencia claramente el deterioro y se conoce que los familiares de los difuntos han dejado de asistir, porque no se garantiza la seguridad ni siquiera los d\u00edas domingo.<\/p>\n\n\n\n<p>@amandasaldivia<\/p>\n\n\n\n<p><\/p>\n","protected":false},"excerpt":{"rendered":"<p>Unidas las parroquias Nuestra Se\u00f1ora de Altagracia, Nuestra Se\u00f1ora de los Dolores y San Jos\u00e9 Obrero Amanda Saldivia El padre Luis M\u00e1rquez, p\u00e1rroco de la iglesia San Jos\u00e9 Obrero, anunci\u00f3 que este lunes dos de noviembre habr\u00e1 actividades religiosas en los dos cementerios de Altagracia, con motivo al D\u00eda de<\/p>\n","protected":false},"author":2,"featured_media":0,"comment_status":"open","ping_status":"open","sticky":false,"template":"","format":"standard","meta":{"advanced_seo_description":"","jetpack_seo_html_title":"","jetpack_seo_noindex":false,"_jetpack_memberships_contains_paid_content":false,"footnotes":"","jetpack_publicize_message":"","jetpack_publicize_feature_enabled":true,"jetpack_social_post_already_shared":true,"jetpack_social_options":{"image_generator_settings":{"template":"highway","enabled":false},"version":2}},"categories":[42],"tags":[24,38,32],"class_list":["post-537","post","type-post","status-publish","format-standard","hentry","category-iglesia-catolica","tag-altagracia","tag-diadelosfilesdifuntos","tag-webdealta",""],"jetpack_publicize_connections":[],"jetpack_featured_media_url":"","jetpack_sharing_enabled":true,"jetpack_likes_enabled":true,"jetpack-related-posts":[],"jetpack_shortlink":"https:\/\/wp.me\/pcseDn-8F","_links":{"self":[{"href":"https:\/\/webdealta.info\/index.php?rest_route=\/wp\/v2\/posts\/537","targetHints":{"allow":["GET"]}}],"collection":[{"href":"https:\/\/webdealta.info\/index.php?rest_route=\/wp\/v2\/posts"}],"about":[{"href":"https:\/\/webdealta.info\/index.php?rest_route=\/wp\/v2\/types\/post"}],"author":[{"embeddable":true,"href":"https:\/\/webdealta.info\/index.php?rest_route=\/wp\/v2\/users\/2"}],"replies":[{"embeddable":true,"href":"https:\/\/webdealta.info\/index.php?rest_route=%2Fwp%2Fv2%2Fcomments&post=537"}],"version-history":[{"count":1,"href":"https:\/\/webdealta.info\/index.php?rest_route=\/wp\/v2\/posts\/537\/revisions"}],"predecessor-version":[{"id":539,"href":"https:\/\/webdealta.info\/index.php?rest_route=\/wp\/v2\/posts\/537\/revisions\/539"}],"wp:attachment":[{"href":"https:\/\/webdealta.info\/index.php?rest_route=%2Fwp%2Fv2%2Fmedia&parent=537"}],"wp:term":[{"taxonomy":"category","embeddable":true,"href":"https:\/\/webdealta.info\/index.php?rest_route=%2Fwp%2Fv2%2Fcategories&post=537"},{"taxonomy":"post_tag","embeddable":true,"href":"https:\/\/webdealta.info\/index.php?rest_route=%2Fwp%2Fv2%2Ftags&post=537"}],"curies":[{"name":"wp","href":"https:\/\/api.w.org\/{rel}","templated":true}]}}