{"id":5367,"date":"2022-08-22T22:39:13","date_gmt":"2022-08-23T02:39:13","guid":{"rendered":"https:\/\/webdealta.info\/?p=5367"},"modified":"2022-08-22T22:39:14","modified_gmt":"2022-08-23T02:39:14","slug":"damnificados-en-guarico-tras-fuertes-precipitaciones","status":"publish","type":"post","link":"https:\/\/webdealta.info\/?p=5367","title":{"rendered":"Damnificados en Gu\u00e1rico tras fuertes precipitaciones"},"content":{"rendered":"\n<p>Este lunes 22&nbsp;se activ\u00f3 el Sistema de Gesti\u00f3n de Riesgo debido a las fuertes lluvias presentadas durante la madrugada. Las mismas se registraron en algunos municipios y sectores con m\u00e1s intensidad, causando da\u00f1os materiales.<\/p>\n\n\n\n<p>En el\u00a0municipio Roscio\u00a0se reportaron varias viviendas anegadas, producto de las lluvias en la calle principal del\u00a0sector Valle Verde. Autoridades del Gobierno Regional se presentaron en el lugar e implementaron el uso de una bomba de achique. Personal de\u00a0Protecci\u00f3n Civil\u00a0recorri\u00f3 la zona.<\/p>\n\n\n\n<p><strong>Parapara<\/strong><\/p>\n\n\n\n<p>Mientras que en la comunidad de\u00a0Agua Fr\u00eda\u00a0de la parroquia Parapara 70 familias fueron afectadas por el desbordamiento de los r\u00edos. Hasta ahora se mantienen 35 familias incomunicadas Autoridades de\u00a0Protecci\u00f3n Civil\u00a0se encuentran desplegados en la zona.<\/p>\n\n\n\n<p><strong>Ortiz<\/strong><\/p>\n\n\n\n<p>Habitantes de la poblaci\u00f3n de&nbsp;Ortiz&nbsp;en el estado Gu\u00e1rico reportaron este lunes inundaciones en una de las cuatro parroquias que conforman este municipio guarique\u00f1o.<\/p>\n\n\n\n<p>El sector agr\u00edcola&nbsp;Las Colonias,&nbsp;de la parroquia Ortiz, report\u00f3 varias familias afectadas por lluvias. Estas presentan viviendas anegadas y perdida de enseres. En dicho sector existen cosechas de alimentos que fueron afectadas.&nbsp;<\/p>\n\n\n\n<p>Funcionarios de&nbsp;Protecci\u00f3n Civil&nbsp;y cuerpo de bomberos urbanos y forestales canalizando y haciendo labores de evaluaci\u00f3n, prevenci\u00f3n y evacuaci\u00f3n se encuentran en el sitio.<\/p>\n\n\n\n<p><strong>Alerta<\/strong><\/p>\n\n\n\n<p>Producto de las lluvias se ha cortado las comunicaciones y el servicio de internet y las v\u00edas de circulaci\u00f3n est\u00e1n inhabilitadas por los momentos.<\/p>\n\n\n\n<p><strong>Municipio Ribas<\/strong><\/p>\n\n\n\n<p>La Parroquia San Rafael de laya tambi\u00e9n fue afectada. Autoridades confirmaron da\u00f1os en la vialidad, espec\u00edficamente en el tramo de la carretera rural San Rafael \u2013 Tucupido.<\/p>\n\n\n\n<p><strong>Activado<\/strong><\/p>\n\n\n\n<p>Tras conocerse el primer reporte, el gobernador del estado Gu\u00e1rico&nbsp;Jos\u00e9 V\u00e1squez&nbsp;expres\u00f3 que se manten\u00edan \u201cen alerta, desplegados y atendiendo la situaci\u00f3n de contingencia ocasionada por las fuertes lluvias en el&nbsp;municipio Ortiz\u201d.<\/p>\n\n\n\n<p>Reiter\u00f3 que \u201cLos equipos de protecci\u00f3n civil y atenci\u00f3n social e integral se encuentran en Ortiz atendiendo la contingencia por la crecida del r\u00edo Vilches debido a las fuertes lluvias.<\/p>\n\n\n\n<p>Por su parte, autoridades municipales mostraron im\u00e1genes grabadas, este lunes en la noche, en el programa de la alcaldesa de Roscio&nbsp;Sulme \u00c1vila.&nbsp;En las mismas se pod\u00edan apreciar viviendas inundadas y personas rescatadas.<\/p>\n\n\n\n<p>\u201cAlgunos de los afectados treparon \u00e1rboles y techos de casa\u201d. As\u00ed mismo, se inform\u00f3 que hasta horas de la tarde \u201chab\u00eda personas incomunicadas\u201d, hecho confirmado por funcionarios municipales que se desplazaron hasta Parapara.&nbsp;<\/p>\n\n\n\n<p><a rel=\"noreferrer noopener\" href=\"https:\/\/www.instagram.com\/eltubazodigital\/\" target=\"_blank\">Orlando Medina Bencomo\u00a0<\/a>\/\u00a0<a rel=\"noreferrer noopener\" href=\"https:\/\/www.eltubazodigital.com\/?s=m%C3%A1ximo+blanco\" target=\"_blank\">El Tubazo Digital<\/a> <\/p>\n\n\n\n<p><\/p>\n","protected":false},"excerpt":{"rendered":"<p>Este lunes 22&nbsp;se activ\u00f3 el Sistema de Gesti\u00f3n de Riesgo debido a las fuertes lluvias presentadas durante la madrugada. Las mismas se registraron en algunos municipios y sectores con m\u00e1s intensidad, causando da\u00f1os materiales. En el\u00a0municipio Roscio\u00a0se reportaron varias viviendas anegadas, producto de las lluvias en la calle principal del\u00a0sector<\/p>\n","protected":false},"author":2,"featured_media":5368,"comment_status":"open","ping_status":"open","sticky":false,"template":"","format":"standard","meta":{"advanced_seo_description":"","jetpack_seo_html_title":"","jetpack_seo_noindex":false,"_jetpack_memberships_contains_paid_content":false,"footnotes":"","jetpack_publicize_message":"","jetpack_publicize_feature_enabled":true,"jetpack_social_post_already_shared":true,"jetpack_social_options":{"image_generator_settings":{"template":"highway","enabled":false},"version":2}},"categories":[282],"tags":[8,7,32],"class_list":["post-5367","post","type-post","status-publish","format-standard","has-post-thumbnail","hentry","category-emergencia","tag-altagraciadeorituco","tag-guarico","tag-webdealta",""],"jetpack_publicize_connections":[],"jetpack_featured_media_url":"https:\/\/webdealta.info\/wp-content\/uploads\/2022\/08\/lluvias-webdealta.png","jetpack_sharing_enabled":true,"jetpack_likes_enabled":true,"jetpack-related-posts":[],"jetpack_shortlink":"https:\/\/wp.me\/pcseDn-1oz","_links":{"self":[{"href":"https:\/\/webdealta.info\/index.php?rest_route=\/wp\/v2\/posts\/5367","targetHints":{"allow":["GET"]}}],"collection":[{"href":"https:\/\/webdealta.info\/index.php?rest_route=\/wp\/v2\/posts"}],"about":[{"href":"https:\/\/webdealta.info\/index.php?rest_route=\/wp\/v2\/types\/post"}],"author":[{"embeddable":true,"href":"https:\/\/webdealta.info\/index.php?rest_route=\/wp\/v2\/users\/2"}],"replies":[{"embeddable":true,"href":"https:\/\/webdealta.info\/index.php?rest_route=%2Fwp%2Fv2%2Fcomments&post=5367"}],"version-history":[{"count":1,"href":"https:\/\/webdealta.info\/index.php?rest_route=\/wp\/v2\/posts\/5367\/revisions"}],"predecessor-version":[{"id":5369,"href":"https:\/\/webdealta.info\/index.php?rest_route=\/wp\/v2\/posts\/5367\/revisions\/5369"}],"wp:featuredmedia":[{"embeddable":true,"href":"https:\/\/webdealta.info\/index.php?rest_route=\/wp\/v2\/media\/5368"}],"wp:attachment":[{"href":"https:\/\/webdealta.info\/index.php?rest_route=%2Fwp%2Fv2%2Fmedia&parent=5367"}],"wp:term":[{"taxonomy":"category","embeddable":true,"href":"https:\/\/webdealta.info\/index.php?rest_route=%2Fwp%2Fv2%2Fcategories&post=5367"},{"taxonomy":"post_tag","embeddable":true,"href":"https:\/\/webdealta.info\/index.php?rest_route=%2Fwp%2Fv2%2Ftags&post=5367"}],"curies":[{"name":"wp","href":"https:\/\/api.w.org\/{rel}","templated":true}]}}