{"id":5359,"date":"2022-08-22T20:47:47","date_gmt":"2022-08-23T00:47:47","guid":{"rendered":"https:\/\/webdealta.info\/?p=5359"},"modified":"2022-08-22T20:47:48","modified_gmt":"2022-08-23T00:47:48","slug":"las-ferias-de-altagracia-seran-en-las-instalaciones-de-el-paso","status":"publish","type":"post","link":"https:\/\/webdealta.info\/?p=5359","title":{"rendered":"Las ferias de Altagracia ser\u00e1n en las instalaciones de El Paso"},"content":{"rendered":"\n<p>Amanda Saldivia.-<\/p>\n\n\n\n<p>La alcald\u00eda del municipio Monagas inici\u00f3, este lunes 22 de agosto, el proceso de recuperaci\u00f3n de las instalaciones de El Paso, incluida la manga de coleo, a los fines de realizar ah\u00ed las Ferias del Orituco, tradici\u00f3n que est\u00e1 vinculada a San Miguel Arc\u00e1ngel, Santo Patrono de esta regi\u00f3n del estado Gu\u00e1rico.<\/p>\n\n\n\n<p>El alcalde Pedro Sol\u00f3rzano se encontraba en el lugar y acot\u00f3 que todav\u00eda ultiman los detalles para las actividades que se realizar\u00e1n, eso en referencia a los artistas que pudieran presentarse en el marco de esas festividades programadas para los d\u00edas previos y posteriores al 29 de septiembre, D\u00eda de San Miguel Arc\u00e1ngel.<\/p>\n\n\n\n<p>Lo que s\u00ed adelant\u00f3, es que ser\u00e1n recuperados los espacios, que habr\u00e1 reformas en la manga de coleo, as\u00ed como tambi\u00e9n rehabilitar\u00e1n la pista de motocross que forma parte de ese mismo complejo, porque est\u00e1 proyectada una v\u00e1lida nacional de esa disciplina deportiva.<\/p>\n\n\n\n<p>En cuanto a las intenciones de rescate, se\u00f1al\u00f3 que la idea es que se mantengan las actividades m\u00e1s all\u00e1 de las ferias, por ese motivo har\u00e1 los tr\u00e1mites para que esa manga de coleo sea federada, es decir aprobada para competencias nacionales que programe la Federaci\u00f3n Nacional de Coleo.<\/p>\n\n\n\n<p>Por esa raz\u00f3n, en la ma\u00f1ana de este lunes, destac\u00f3 la presencia del productor gracitano Eli Aragort, quien integra la directiva nacional de ese gremio y tambi\u00e9n estar\u00e1 vinculado a las tardes de toros coleados que har\u00e1n durante las ferias del Orituco.<\/p>\n\n\n\n<p>@amandasaldivia   <\/p>\n\n\n\n<p><\/p>\n","protected":false},"excerpt":{"rendered":"<p>Amanda Saldivia.- La alcald\u00eda del municipio Monagas inici\u00f3, este lunes 22 de agosto, el proceso de recuperaci\u00f3n de las instalaciones de El Paso, incluida la manga de coleo, a los fines de realizar ah\u00ed las Ferias del Orituco, tradici\u00f3n que est\u00e1 vinculada a San Miguel Arc\u00e1ngel, Santo Patrono de esta<\/p>\n","protected":false},"author":2,"featured_media":5360,"comment_status":"open","ping_status":"open","sticky":false,"template":"","format":"standard","meta":{"advanced_seo_description":"","jetpack_seo_html_title":"","jetpack_seo_noindex":false,"_jetpack_memberships_contains_paid_content":false,"footnotes":"","jetpack_publicize_message":"","jetpack_publicize_feature_enabled":true,"jetpack_social_post_already_shared":true,"jetpack_social_options":{"image_generator_settings":{"template":"highway","enabled":false},"version":2}},"categories":[15],"tags":[8,7,32],"class_list":["post-5359","post","type-post","status-publish","format-standard","has-post-thumbnail","hentry","category-municipalidad","tag-altagraciadeorituco","tag-guarico","tag-webdealta",""],"jetpack_publicize_connections":[],"jetpack_featured_media_url":"https:\/\/webdealta.info\/wp-content\/uploads\/2022\/08\/webdealta-manga-de-coleo.png","jetpack_sharing_enabled":true,"jetpack_likes_enabled":true,"jetpack-related-posts":[],"jetpack_shortlink":"https:\/\/wp.me\/pcseDn-1or","_links":{"self":[{"href":"https:\/\/webdealta.info\/index.php?rest_route=\/wp\/v2\/posts\/5359","targetHints":{"allow":["GET"]}}],"collection":[{"href":"https:\/\/webdealta.info\/index.php?rest_route=\/wp\/v2\/posts"}],"about":[{"href":"https:\/\/webdealta.info\/index.php?rest_route=\/wp\/v2\/types\/post"}],"author":[{"embeddable":true,"href":"https:\/\/webdealta.info\/index.php?rest_route=\/wp\/v2\/users\/2"}],"replies":[{"embeddable":true,"href":"https:\/\/webdealta.info\/index.php?rest_route=%2Fwp%2Fv2%2Fcomments&post=5359"}],"version-history":[{"count":1,"href":"https:\/\/webdealta.info\/index.php?rest_route=\/wp\/v2\/posts\/5359\/revisions"}],"predecessor-version":[{"id":5361,"href":"https:\/\/webdealta.info\/index.php?rest_route=\/wp\/v2\/posts\/5359\/revisions\/5361"}],"wp:featuredmedia":[{"embeddable":true,"href":"https:\/\/webdealta.info\/index.php?rest_route=\/wp\/v2\/media\/5360"}],"wp:attachment":[{"href":"https:\/\/webdealta.info\/index.php?rest_route=%2Fwp%2Fv2%2Fmedia&parent=5359"}],"wp:term":[{"taxonomy":"category","embeddable":true,"href":"https:\/\/webdealta.info\/index.php?rest_route=%2Fwp%2Fv2%2Fcategories&post=5359"},{"taxonomy":"post_tag","embeddable":true,"href":"https:\/\/webdealta.info\/index.php?rest_route=%2Fwp%2Fv2%2Ftags&post=5359"}],"curies":[{"name":"wp","href":"https:\/\/api.w.org\/{rel}","templated":true}]}}