{"id":5349,"date":"2022-08-20T19:39:45","date_gmt":"2022-08-20T23:39:45","guid":{"rendered":"https:\/\/webdealta.info\/?p=5349"},"modified":"2022-08-20T19:39:46","modified_gmt":"2022-08-20T23:39:46","slug":"avanza-rehabilitacion-de-la-troncal-13","status":"publish","type":"post","link":"https:\/\/webdealta.info\/?p=5349","title":{"rendered":"Avanza rehabilitaci\u00f3n de la troncal 13"},"content":{"rendered":"\n<p>El gobernador del estado Gu\u00e1rico, Jos\u00e9 V\u00e1squez, en compa\u00f1\u00eda del equipo de gobierno en el \u00e1rea de infraestructura, realiz\u00f3 la inspecci\u00f3n de los trabajos que se adelantan en la troncal 13, tramo que comunica los municipios Chaguaramas y Juli\u00e1n Mellado de la entidad llanera.<\/p>\n\n\n\n<p>En este contexto, el l\u00edder regional indic\u00f3 que el objetivo principal de esta rehabilitaci\u00f3n es colocar m\u00e1s de 14 mil toneladas de asfalto, adem\u00e1s detall\u00f3 que este sistema de vialidad se ha venido planificando con estrategias para ser garante de las conexiones viales al pueblo, productores y empresarios.<\/p>\n\n\n\n<p>Entre los trabajos que se han ido realizando en estos tramos, destaca que de manera discontinua en aproximadamente 5 km se realiz\u00f3 el proceso de reciclado; la rehabilitaci\u00f3n intermitente del tramo uno; el bacheo de trayectos intermedios&nbsp; y se dar\u00e1 inicio a la colocaci\u00f3n de la carpeta de sello que implicar\u00e1 la distribuci\u00f3n de dos mil 80 toneladas de mezcla asf\u00e1ltica en caliente; y as\u00ed contribuir con los lineamientos del ejecutivo nacional y el gobernador en hacer del estado Gu\u00e1rico una potencia agroindustrial.<\/p>\n\n\n\n<p>Por su parte, la presidenta de Construcciones y Vialidad del estado Gu\u00e1rico (Construvialgua) Maricarmen Monsalve, manifest\u00f3 que se llevan adelantado m\u00e1s de 116 km de todo el tramo y se espera que en los pr\u00f3ximos meses se finalice el trabajo en su totalidad, para mejorar de manera significativa las v\u00edas extraurbanas de todo el estado Gu\u00e1rico.<\/p>\n\n\n\n<p>Por \u00faltimo, V\u00e1squez acot\u00f3 que esta estrat\u00e9gica inversi\u00f3n se cumple siguiendo instrucciones del ejecutivo nacional Nicol\u00e1s Maduro, con el objetivo de impulsar el desarrollo de la vialidad en toda la regi\u00f3n llanera y garantizar la conexiones entre los municipios del punto y c\u00edrculo hacia el centro del pa\u00eds, involucrando nuevas tecnolog\u00edas para avalar esta acci\u00f3n, ante lo cual la gobernaci\u00f3n de Gu\u00e1rico adelanta estos trabajos de manera articulada Construcciones y Vialidad del estado Gu\u00e1rico (Construvialgua) y la Fundaci\u00f3n Fondo Venezolano de Reconversi\u00f3n Industrial y Tecnol\u00f3gica (Fondoin).<\/p>\n\n\n\n<p>Sibci Gu\u00e1rico<\/p>\n\n\n\n<p><\/p>\n","protected":false},"excerpt":{"rendered":"<p>El gobernador del estado Gu\u00e1rico, Jos\u00e9 V\u00e1squez, en compa\u00f1\u00eda del equipo de gobierno en el \u00e1rea de infraestructura, realiz\u00f3 la inspecci\u00f3n de los trabajos que se adelantan en la troncal 13, tramo que comunica los municipios Chaguaramas y Juli\u00e1n Mellado de la entidad llanera. En este contexto, el l\u00edder regional<\/p>\n","protected":false},"author":2,"featured_media":5350,"comment_status":"open","ping_status":"open","sticky":false,"template":"","format":"standard","meta":{"advanced_seo_description":"","jetpack_seo_html_title":"","jetpack_seo_noindex":false,"_jetpack_memberships_contains_paid_content":false,"footnotes":"","jetpack_publicize_message":"","jetpack_publicize_feature_enabled":true,"jetpack_social_post_already_shared":true,"jetpack_social_options":{"image_generator_settings":{"template":"highway","enabled":false},"version":2}},"categories":[284],"tags":[8,7,32],"class_list":["post-5349","post","type-post","status-publish","format-standard","has-post-thumbnail","hentry","category-gobierno-de-guarico","tag-altagraciadeorituco","tag-guarico","tag-webdealta",""],"jetpack_publicize_connections":[],"jetpack_featured_media_url":"https:\/\/webdealta.info\/wp-content\/uploads\/2022\/08\/gobierno-de-guarico-webdealta.jpg","jetpack_sharing_enabled":true,"jetpack_likes_enabled":true,"jetpack-related-posts":[],"jetpack_shortlink":"https:\/\/wp.me\/pcseDn-1oh","_links":{"self":[{"href":"https:\/\/webdealta.info\/index.php?rest_route=\/wp\/v2\/posts\/5349","targetHints":{"allow":["GET"]}}],"collection":[{"href":"https:\/\/webdealta.info\/index.php?rest_route=\/wp\/v2\/posts"}],"about":[{"href":"https:\/\/webdealta.info\/index.php?rest_route=\/wp\/v2\/types\/post"}],"author":[{"embeddable":true,"href":"https:\/\/webdealta.info\/index.php?rest_route=\/wp\/v2\/users\/2"}],"replies":[{"embeddable":true,"href":"https:\/\/webdealta.info\/index.php?rest_route=%2Fwp%2Fv2%2Fcomments&post=5349"}],"version-history":[{"count":1,"href":"https:\/\/webdealta.info\/index.php?rest_route=\/wp\/v2\/posts\/5349\/revisions"}],"predecessor-version":[{"id":5351,"href":"https:\/\/webdealta.info\/index.php?rest_route=\/wp\/v2\/posts\/5349\/revisions\/5351"}],"wp:featuredmedia":[{"embeddable":true,"href":"https:\/\/webdealta.info\/index.php?rest_route=\/wp\/v2\/media\/5350"}],"wp:attachment":[{"href":"https:\/\/webdealta.info\/index.php?rest_route=%2Fwp%2Fv2%2Fmedia&parent=5349"}],"wp:term":[{"taxonomy":"category","embeddable":true,"href":"https:\/\/webdealta.info\/index.php?rest_route=%2Fwp%2Fv2%2Fcategories&post=5349"},{"taxonomy":"post_tag","embeddable":true,"href":"https:\/\/webdealta.info\/index.php?rest_route=%2Fwp%2Fv2%2Ftags&post=5349"}],"curies":[{"name":"wp","href":"https:\/\/api.w.org\/{rel}","templated":true}]}}