{"id":5311,"date":"2022-08-13T09:11:24","date_gmt":"2022-08-13T13:11:24","guid":{"rendered":"https:\/\/webdealta.info\/?p=5311"},"modified":"2022-08-13T09:11:25","modified_gmt":"2022-08-13T13:11:25","slug":"el-poder-del-conocimiento-la-linea-ciudad-muralla-del-futuro","status":"publish","type":"post","link":"https:\/\/webdealta.info\/?p=5311","title":{"rendered":"El Poder del Conocimiento: La L\u00ednea ciudad muralla del futuro"},"content":{"rendered":"\n<p>Amanda Saldivia.-<\/p>\n\n\n\n<p>Presentamos datos interesantes acerca de lo que se conoce sobre el proyecto de la ciudad del futuro, iniciativa de la empresa NEOM, presidida por el pr\u00edncipe heredero de Arabia Saudita. Ese fue el tema del micro el Poder del Conocimiento, que se transmite en el programa Tiempo de Cambios por Activa 104.9 FM, el cual es iniciativa de la empresa Promasorca para enriquecer los saberes con historias, curiosidades y an\u00e9cdotas interesante de esta tierra orituque\u00f1a y del mundo.<\/p>\n\n\n\n<p>El proyecto de ciudad futurista fue presentado ante los medios de comunicaci\u00f3n social del mundo y enseguida la noticia acapar\u00f3 la atenci\u00f3n, por conocer m\u00e1s sobre La L\u00ednea, nombre con el cual bautizaron a esta edificaci\u00f3n estilo muralla de 200 metros de ancho, pero con 170 kil\u00f3metros de largo. De ah\u00ed el nombre La L\u00ednea.<\/p>\n\n\n\n<p>C\u00f3mo puede ser concebida una ciudad con esas proporciones. En las im\u00e1genes digitales del proyecto La L\u00ednea se puede apreciar que el concepto es en forma vertical, ser\u00edan dos edificios laterales de 500 metros de alto y que atravesar\u00e1n desiertos, monta\u00f1as y valles de ese pa\u00eds de costa a costa.<\/p>\n\n\n\n<p>Los ciudadanos se mover\u00edan en ese espacio de 200 metros de ancho y 500 de alto, hacia arriba, abajo y transversales para disfrutar de parques, escuelas, trabajo, incluso la agricultura.<\/p>\n\n\n\n<p>En la ciudad no habr\u00eda veh\u00edculos particulares, solo un tren de alta velocidad que llevar\u00eda a los habitantes de esa ciudad del futuro, de un extremo a otro de esos 170 kil\u00f3metros lineales, en un lapso de 20 minutos aproximadamente.<\/p>\n\n\n\n<p>As\u00ed se plantea este proyecto de dise\u00f1o urbano, que de llegar concretarse, albergar\u00eda a 9 millones de habitantes, quienes tendr\u00edan permanentemente visi\u00f3n al exterior, porque la muralla ser\u00e1 de paneles de vidrio en ambos lados, adem\u00e1s que gracias a la tecnolog\u00eda tendr\u00e1 su propio clima.<\/p>\n\n\n\n<p>La L\u00ednea es un proyecto totalmente renovable, que da prioridad al bienestar de las personas, al permitir que la jornada de trabajo y familia se desarrolle en un concepto de ciudad del futuro, al punto de que con una caminata de cinco minutos tienes acceso a diferentes servicios, incluido salud. La intensi\u00f3n, es lograr el equilibrio trabajo \u2013 vida.<\/p>\n\n\n\n<p>En un comunicado la empresa NEOM describi\u00f3 a La L\u00ednea como \u201cuna revoluci\u00f3n civilizatoria que pone a los humanos en primer lugar, proporcionando un entorno urbano y una experiencia de vida sin precedentes y preservando la naturaleza circundante\u201d.<\/p>\n\n\n\n<p>Se concretar\u00e1 esa ciudad futurista. Los promotores del proyecto est\u00e1n tras la b\u00fasqueda de inversionistas y creen que para el 2030 ya pueda estar la primera fase construida, mientras otros creen que se trata de algo irrealizable. El tiempo permitir\u00e1 conocer c\u00f3mo avanza La L\u00ednea, esa ciudad del futuro. <\/p>\n\n\n\n<p>@amandasaldivia<\/p>\n","protected":false},"excerpt":{"rendered":"<p>Amanda Saldivia.- Presentamos datos interesantes acerca de lo que se conoce sobre el proyecto de la ciudad del futuro, iniciativa de la empresa NEOM, presidida por el pr\u00edncipe heredero de Arabia Saudita. Ese fue el tema del micro el Poder del Conocimiento, que se transmite en el programa Tiempo de<\/p>\n","protected":false},"author":2,"featured_media":5312,"comment_status":"open","ping_status":"open","sticky":false,"template":"","format":"standard","meta":{"advanced_seo_description":"","jetpack_seo_html_title":"","jetpack_seo_noindex":false,"_jetpack_memberships_contains_paid_content":false,"footnotes":"","jetpack_publicize_message":"","jetpack_publicize_feature_enabled":true,"jetpack_social_post_already_shared":true,"jetpack_social_options":{"image_generator_settings":{"template":"highway","enabled":false},"version":2}},"categories":[302],"tags":[8,7,32],"class_list":["post-5311","post","type-post","status-publish","format-standard","has-post-thumbnail","hentry","category-el-poder-del-conocimiento","tag-altagraciadeorituco","tag-guarico","tag-webdealta",""],"jetpack_publicize_connections":[],"jetpack_featured_media_url":"https:\/\/webdealta.info\/wp-content\/uploads\/2022\/08\/La-Linea-webdealta.png","jetpack_sharing_enabled":true,"jetpack_likes_enabled":true,"jetpack-related-posts":[],"jetpack_shortlink":"https:\/\/wp.me\/pcseDn-1nF","_links":{"self":[{"href":"https:\/\/webdealta.info\/index.php?rest_route=\/wp\/v2\/posts\/5311","targetHints":{"allow":["GET"]}}],"collection":[{"href":"https:\/\/webdealta.info\/index.php?rest_route=\/wp\/v2\/posts"}],"about":[{"href":"https:\/\/webdealta.info\/index.php?rest_route=\/wp\/v2\/types\/post"}],"author":[{"embeddable":true,"href":"https:\/\/webdealta.info\/index.php?rest_route=\/wp\/v2\/users\/2"}],"replies":[{"embeddable":true,"href":"https:\/\/webdealta.info\/index.php?rest_route=%2Fwp%2Fv2%2Fcomments&post=5311"}],"version-history":[{"count":1,"href":"https:\/\/webdealta.info\/index.php?rest_route=\/wp\/v2\/posts\/5311\/revisions"}],"predecessor-version":[{"id":5313,"href":"https:\/\/webdealta.info\/index.php?rest_route=\/wp\/v2\/posts\/5311\/revisions\/5313"}],"wp:featuredmedia":[{"embeddable":true,"href":"https:\/\/webdealta.info\/index.php?rest_route=\/wp\/v2\/media\/5312"}],"wp:attachment":[{"href":"https:\/\/webdealta.info\/index.php?rest_route=%2Fwp%2Fv2%2Fmedia&parent=5311"}],"wp:term":[{"taxonomy":"category","embeddable":true,"href":"https:\/\/webdealta.info\/index.php?rest_route=%2Fwp%2Fv2%2Fcategories&post=5311"},{"taxonomy":"post_tag","embeddable":true,"href":"https:\/\/webdealta.info\/index.php?rest_route=%2Fwp%2Fv2%2Ftags&post=5311"}],"curies":[{"name":"wp","href":"https:\/\/api.w.org\/{rel}","templated":true}]}}