{"id":5307,"date":"2022-08-11T15:52:26","date_gmt":"2022-08-11T19:52:26","guid":{"rendered":"https:\/\/webdealta.info\/?p=5307"},"modified":"2022-08-11T15:52:27","modified_gmt":"2022-08-11T19:52:27","slug":"prosperi-se-solidarizo-con-trabajadores-de-la-administracion-publica","status":"publish","type":"post","link":"https:\/\/webdealta.info\/?p=5307","title":{"rendered":"Prosperi se solidariz\u00f3 con trabajadores de la administraci\u00f3n p\u00fablica"},"content":{"rendered":"\n<p>En un acto con la estructura pol\u00edtica de Acci\u00f3n Democr\u00e1tica en Calabozo, estado Gu\u00e1rico, el secretario de Organizaci\u00f3n Nacional, Carlos Prosperi se solidariz\u00f3 con los trabajadores de la administraci\u00f3n p\u00fablica nacional ante la aplicaci\u00f3n del instructivo Onapre por parte del Gobierno, violentando as\u00ed las leyes y la propia Constituci\u00f3n Nacional en relaci\u00f3n con la progresividad de los derechos laborales y la intangibilidad de los mismos.<\/p>\n\n\n\n<p>\u00abPodr\u00e1n quitarnos una parcela, podr\u00e1n quitarnos una finca, intentar acabar con la producci\u00f3n nacional, pero no nos podr\u00e1n quitarnos la fe y la esperanza. Toda nuestra solidaridad con los educadores, con el gremio de la salud\u00bb, resalt\u00f3.<\/p>\n\n\n\n<p>El dirigente opositor destac\u00f3 que desde Acci\u00f3n Democr\u00e1tica cuando se ganen las elecciones primarias y se convierta en el candidato de la unidad representar\u00e1 una alternativa de cambio, porque en 2025 se empezaran a discutir las contrataciones colectivas vencidas.<\/p>\n\n\n\n<p>Prosperi tambi\u00e9n se refiri\u00f3 a los productores agropecuarios a quienes les dijo que luchar\u00e1 por la producci\u00f3n nacional, por lo hecho en Venezuela y les dar\u00e1 incentivos y todo el apoyo que necesitan para la siembra.<\/p>\n\n\n\n<p>Recalc\u00f3 que Venezuela va a cambiar y lo har\u00e1 para bien. En cuanto, a la alianza pol\u00edtica de la unidad puso como ejemplo lo ocurrido en Barinas, en las elecciones de noviembre, porque con organizaci\u00f3n y unidad no habr\u00e1 fraude electoral que valga con ese mismo CNE.<\/p>\n\n\n\n<p>El dirigente guarique\u00f1o agreg\u00f3 que organizar\u00e1n los miembros de mesa y que se tendr\u00e1 una gran victoria en el 2024. \u00abVamos a luchar no solo por los que est\u00e1n aqu\u00ed, sino por los que se fueron obligados por la situaci\u00f3n del pa\u00eds\u00bb.<\/p>\n\n\n\n<p>Aprovech\u00f3 para enviarle un mensaje a todos esos venezolanos que est\u00e1n fuera para que vayan preparando sus maletas porque en enero de 2025 los espera su pa\u00eds. \u00abLos espera Venezuela y vamos a recuperar nuestra Patria para cada uno de nosotros\u00bb, dijo.<\/p>\n\n\n\n<p>Prensa Carlos Prosperi <\/p>\n\n\n\n<p><\/p>\n","protected":false},"excerpt":{"rendered":"<p>En un acto con la estructura pol\u00edtica de Acci\u00f3n Democr\u00e1tica en Calabozo, estado Gu\u00e1rico, el secretario de Organizaci\u00f3n Nacional, Carlos Prosperi se solidariz\u00f3 con los trabajadores de la administraci\u00f3n p\u00fablica nacional ante la aplicaci\u00f3n del instructivo Onapre por parte del Gobierno, violentando as\u00ed las leyes y la propia Constituci\u00f3n Nacional<\/p>\n","protected":false},"author":2,"featured_media":5308,"comment_status":"open","ping_status":"open","sticky":false,"template":"","format":"standard","meta":{"advanced_seo_description":"","jetpack_seo_html_title":"","jetpack_seo_noindex":false,"_jetpack_memberships_contains_paid_content":false,"footnotes":"","jetpack_publicize_message":"","jetpack_publicize_feature_enabled":true,"jetpack_social_post_already_shared":true,"jetpack_social_options":{"image_generator_settings":{"template":"highway","enabled":false},"version":2}},"categories":[142],"tags":[8,7,32],"class_list":["post-5307","post","type-post","status-publish","format-standard","has-post-thumbnail","hentry","category-politica","tag-altagraciadeorituco","tag-guarico","tag-webdealta",""],"jetpack_publicize_connections":[],"jetpack_featured_media_url":"https:\/\/webdealta.info\/wp-content\/uploads\/2022\/08\/webdealta-properi.png","jetpack_sharing_enabled":true,"jetpack_likes_enabled":true,"jetpack-related-posts":[],"jetpack_shortlink":"https:\/\/wp.me\/pcseDn-1nB","_links":{"self":[{"href":"https:\/\/webdealta.info\/index.php?rest_route=\/wp\/v2\/posts\/5307","targetHints":{"allow":["GET"]}}],"collection":[{"href":"https:\/\/webdealta.info\/index.php?rest_route=\/wp\/v2\/posts"}],"about":[{"href":"https:\/\/webdealta.info\/index.php?rest_route=\/wp\/v2\/types\/post"}],"author":[{"embeddable":true,"href":"https:\/\/webdealta.info\/index.php?rest_route=\/wp\/v2\/users\/2"}],"replies":[{"embeddable":true,"href":"https:\/\/webdealta.info\/index.php?rest_route=%2Fwp%2Fv2%2Fcomments&post=5307"}],"version-history":[{"count":1,"href":"https:\/\/webdealta.info\/index.php?rest_route=\/wp\/v2\/posts\/5307\/revisions"}],"predecessor-version":[{"id":5309,"href":"https:\/\/webdealta.info\/index.php?rest_route=\/wp\/v2\/posts\/5307\/revisions\/5309"}],"wp:featuredmedia":[{"embeddable":true,"href":"https:\/\/webdealta.info\/index.php?rest_route=\/wp\/v2\/media\/5308"}],"wp:attachment":[{"href":"https:\/\/webdealta.info\/index.php?rest_route=%2Fwp%2Fv2%2Fmedia&parent=5307"}],"wp:term":[{"taxonomy":"category","embeddable":true,"href":"https:\/\/webdealta.info\/index.php?rest_route=%2Fwp%2Fv2%2Fcategories&post=5307"},{"taxonomy":"post_tag","embeddable":true,"href":"https:\/\/webdealta.info\/index.php?rest_route=%2Fwp%2Fv2%2Ftags&post=5307"}],"curies":[{"name":"wp","href":"https:\/\/api.w.org\/{rel}","templated":true}]}}