{"id":5281,"date":"2022-08-08T20:54:26","date_gmt":"2022-08-09T00:54:26","guid":{"rendered":"https:\/\/webdealta.info\/?p=5281"},"modified":"2022-08-08T20:54:28","modified_gmt":"2022-08-09T00:54:28","slug":"paso-real-recursos-para-aguas-servidas-y-acueducto-de-turmerino","status":"publish","type":"post","link":"https:\/\/webdealta.info\/?p=5281","title":{"rendered":"Paso Real: recursos para aguas servidas y acueducto de Turmerino"},"content":{"rendered":"\n<p>Desde el municipio Jos\u00e9 Tadeo Monagas, el gobernador del estado Gu\u00e1rico, Jos\u00e9 V\u00e1squez, realiz\u00f3 anuncios en materia de servicios p\u00fablicos, vialidad, salud y seguridad, en una jornada en la cual estuvo acompa\u00f1ado por la autoridad \u00fanica en Salud, Rosa V\u00e1squez, y el alcalde de la localidad Pedro Sol\u00f3rzano.&nbsp;<\/p>\n\n\n\n<p>Fueron entregadas una radio patrulla y una ambulancia, asimismo la rehabilitaci\u00f3n del Consultorio M\u00e9dico Popular Sim\u00f3n P\u00e9rez en la parroquia Lezama, aunado a esto el jefe del ejecutivo regional Jos\u00e9 V\u00e1squez anunci\u00f3 la aprobaci\u00f3n de 500 metros de tuber\u00edas para la recepci\u00f3n de aguas servidas en Paso Real de Macaira, adem\u00e1s de la reactivaci\u00f3n del acueducto de Turmerino.<\/p>\n\n\n\n<p>\u201cEs importante, porque gobernamos obedeci\u00e9ndole al pueblo, es parte de nuestro trabajo\u201d ratific\u00f3 V\u00e1zquez al tiempo que se\u00f1alaba la importancia de sumarse al Sistema 1&#215;10 el cual se mantiene activo acercando las problem\u00e1ticas del pueblo a sus gobernantes.<\/p>\n\n\n\n<p>En este contexto, tambi\u00e9n anunci\u00f3 la puesta en funcionamiento el sistema de rebombeo de sector Buenos Aires, parroquia Altagracia, la cual es respuesta a una solicitud realizada, a trav\u00e9s de VenApp.<\/p>\n\n\n\n<p>Por su parte, el alcalde del municipio Monagas, Pedro Sol\u00f3rzano, extendi\u00f3 palabras de agradecimiento, refiriendo que \u201cen nombre del pueblo agradecemos la preocupaci\u00f3n y la inversi\u00f3n hecha en nuestro municipio\u201d.<\/p>\n\n\n\n<p>Finalmente, el primer mandatario regional hizo menci\u00f3n al Plan Ciudad Monagas, que contempla la visi\u00f3n de proyectos de turismo, infraestructura, proyecci\u00f3n de calles y avenidas, como parte de macro plan que se prev\u00e9 realizar en cada uno de los municipios de la entidad llanera.\/YF<\/p>\n\n\n\n<p>Sibci Gu\u00e1rico<\/p>\n\n\n\n<p>Fotos cortes\u00eda<\/p>\n","protected":false},"excerpt":{"rendered":"<p>Desde el municipio Jos\u00e9 Tadeo Monagas, el gobernador del estado Gu\u00e1rico, Jos\u00e9 V\u00e1squez, realiz\u00f3 anuncios en materia de servicios p\u00fablicos, vialidad, salud y seguridad, en una jornada en la cual estuvo acompa\u00f1ado por la autoridad \u00fanica en Salud, Rosa V\u00e1squez, y el alcalde de la localidad Pedro Sol\u00f3rzano.&nbsp; Fueron entregadas<\/p>\n","protected":false},"author":2,"featured_media":5282,"comment_status":"open","ping_status":"open","sticky":false,"template":"","format":"standard","meta":{"advanced_seo_description":"","jetpack_seo_html_title":"","jetpack_seo_noindex":false,"_jetpack_memberships_contains_paid_content":false,"footnotes":"","jetpack_publicize_message":"","jetpack_publicize_feature_enabled":true,"jetpack_social_post_already_shared":true,"jetpack_social_options":{"image_generator_settings":{"template":"highway","enabled":false},"version":2}},"categories":[284],"tags":[8,7,32],"class_list":["post-5281","post","type-post","status-publish","format-standard","has-post-thumbnail","hentry","category-gobierno-de-guarico","tag-altagraciadeorituco","tag-guarico","tag-webdealta",""],"jetpack_publicize_connections":[],"jetpack_featured_media_url":"https:\/\/webdealta.info\/wp-content\/uploads\/2022\/08\/recursos-para-paso-real-webdealta.png","jetpack_sharing_enabled":true,"jetpack_likes_enabled":true,"jetpack-related-posts":[],"jetpack_shortlink":"https:\/\/wp.me\/pcseDn-1nb","_links":{"self":[{"href":"https:\/\/webdealta.info\/index.php?rest_route=\/wp\/v2\/posts\/5281","targetHints":{"allow":["GET"]}}],"collection":[{"href":"https:\/\/webdealta.info\/index.php?rest_route=\/wp\/v2\/posts"}],"about":[{"href":"https:\/\/webdealta.info\/index.php?rest_route=\/wp\/v2\/types\/post"}],"author":[{"embeddable":true,"href":"https:\/\/webdealta.info\/index.php?rest_route=\/wp\/v2\/users\/2"}],"replies":[{"embeddable":true,"href":"https:\/\/webdealta.info\/index.php?rest_route=%2Fwp%2Fv2%2Fcomments&post=5281"}],"version-history":[{"count":1,"href":"https:\/\/webdealta.info\/index.php?rest_route=\/wp\/v2\/posts\/5281\/revisions"}],"predecessor-version":[{"id":5283,"href":"https:\/\/webdealta.info\/index.php?rest_route=\/wp\/v2\/posts\/5281\/revisions\/5283"}],"wp:featuredmedia":[{"embeddable":true,"href":"https:\/\/webdealta.info\/index.php?rest_route=\/wp\/v2\/media\/5282"}],"wp:attachment":[{"href":"https:\/\/webdealta.info\/index.php?rest_route=%2Fwp%2Fv2%2Fmedia&parent=5281"}],"wp:term":[{"taxonomy":"category","embeddable":true,"href":"https:\/\/webdealta.info\/index.php?rest_route=%2Fwp%2Fv2%2Fcategories&post=5281"},{"taxonomy":"post_tag","embeddable":true,"href":"https:\/\/webdealta.info\/index.php?rest_route=%2Fwp%2Fv2%2Ftags&post=5281"}],"curies":[{"name":"wp","href":"https:\/\/api.w.org\/{rel}","templated":true}]}}