{"id":5266,"date":"2022-08-07T15:46:35","date_gmt":"2022-08-07T19:46:35","guid":{"rendered":"https:\/\/webdealta.info\/?p=5266"},"modified":"2022-08-08T11:07:42","modified_gmt":"2022-08-08T15:07:42","slug":"vasquez-acelerara-rehabilitacion-de-la-emergencia-del-hospital","status":"publish","type":"post","link":"https:\/\/webdealta.info\/?p=5266","title":{"rendered":"V\u00e1squez: acelerar\u00e1 rehabilitaci\u00f3n de la emergencia del hospital"},"content":{"rendered":"\n<p>Amanda Saldivia.-<\/p>\n\n\n\n<p>Una agenda social y pol\u00edtica cumpli\u00f3 el gobernador Jos\u00e9 V\u00e1squez en Altagracia de Orituco, momento propicio para indagar acerca de algunas obras que no han culminado, como es el caso de la rehabilitaci\u00f3n de la sala de emergencia del hospital Dr. Jos\u00e9 Francisco Torrealba, trabajos iniciados a mediados del a\u00f1o 2021 y que revisten importancia, porque los pacientes son atendidos en \u00e1reas no aptas para brindar un adecuado servicio de salud.<\/p>\n\n\n\n<p>La conversaci\u00f3n con el gobernador Jos\u00e9 V\u00e1squez, sobre este y otros aspectos de inter\u00e9s, fue una vez que culmin\u00f3 el acto de juramentaci\u00f3n de los integrantes del Congreso de la Nueva \u00c9poca del PSUV, donde estuvo acompa\u00f1ado por Hugbel Roa, diputado a la Asamblea Nacional y enlace de esa organizaci\u00f3n pol\u00edtica para Gu\u00e1rico, as\u00ed como tambi\u00e9n destac\u00f3 la presencia del diputado Ricardo S\u00e1nchez y del alcalde Pedro Sol\u00f3rzano.<\/p>\n\n\n\n<p>Respecto a la primera inquietud planteada, en virtud del tiempo que ha tardado la ejecuci\u00f3n de la rehabilitaci\u00f3n de la sala de emergencia del hospital, el primer mandatario regional dijo que la raz\u00f3n es de disponibilidad de recursos, al tiempo que agreg\u00f3 que ha \u201cdado instrucciones para acelerar esa obra que es muy importante\u201d.<\/p>\n\n\n\n<p>Igualmente, se indag\u00f3 acerca de las razones por las cuales no se ejecuta la asignaci\u00f3n de 200 toneladas de asfalto que anunci\u00f3 para este a\u00f1o 2022, a lo que respondi\u00f3 que \u201ctodo se est\u00e1 planificando con los equipos municipales, yo he venido conversando con el alcalde, ya est\u00e1 preparando una log\u00edstica para el transporte\u201d, explicaci\u00f3n que complement\u00f3 con el hecho de que la planta est\u00e1 en la poblaci\u00f3n de El Sombrero y el impacto en flete es significativo.<\/p>\n\n\n\n<p>En conclusi\u00f3n, no hay sobre estos dos puntos planteados, fecha precisa de ejecuci\u00f3n en el caso del bacheo, ni de culminaci\u00f3n en referencia a la sala de emergencia del hospital Dr. Jos\u00e9 Francisco Torrealba.<\/p>\n\n\n\n<p>No obstante, el gobernador inaugur\u00f3 la Farmacia Patriota en la calle Ilustres Pr\u00f3ceres de Altagracia con descuentos entre un 30 y un 40 por ciento, hizo entrega de una ambulancia nueva a Protecci\u00f3n Civil, reinaugur\u00f3 el ambulatorio Sim\u00f3n P\u00e9rez P\u00e9rez de Lezama y anunci\u00f3 el plan Ciudad Altagracia, el cual incluye mejoras en infraestructura vial.<\/p>\n\n\n\n<p>@amandasaldivia   <\/p>\n\n\n\n<p><\/p>\n\n\n\n<p><\/p>\n","protected":false},"excerpt":{"rendered":"<p>Amanda Saldivia.- Una agenda social y pol\u00edtica cumpli\u00f3 el gobernador Jos\u00e9 V\u00e1squez en Altagracia de Orituco, momento propicio para indagar acerca de algunas obras que no han culminado, como es el caso de la rehabilitaci\u00f3n de la sala de emergencia del hospital Dr. Jos\u00e9 Francisco Torrealba, trabajos iniciados a mediados<\/p>\n","protected":false},"author":2,"featured_media":5267,"comment_status":"open","ping_status":"open","sticky":false,"template":"","format":"standard","meta":{"advanced_seo_description":"","jetpack_seo_html_title":"","jetpack_seo_noindex":false,"_jetpack_memberships_contains_paid_content":false,"footnotes":"","jetpack_publicize_message":"","jetpack_publicize_feature_enabled":true,"jetpack_social_post_already_shared":true,"jetpack_social_options":{"image_generator_settings":{"template":"highway","enabled":false},"version":2}},"categories":[284],"tags":[8,7,32],"class_list":["post-5266","post","type-post","status-publish","format-standard","has-post-thumbnail","hentry","category-gobierno-de-guarico","tag-altagraciadeorituco","tag-guarico","tag-webdealta",""],"jetpack_publicize_connections":[],"jetpack_featured_media_url":"https:\/\/webdealta.info\/wp-content\/uploads\/2022\/08\/gobernador-hospital.png","jetpack_sharing_enabled":true,"jetpack_likes_enabled":true,"jetpack-related-posts":[],"jetpack_shortlink":"https:\/\/wp.me\/pcseDn-1mW","_links":{"self":[{"href":"https:\/\/webdealta.info\/index.php?rest_route=\/wp\/v2\/posts\/5266","targetHints":{"allow":["GET"]}}],"collection":[{"href":"https:\/\/webdealta.info\/index.php?rest_route=\/wp\/v2\/posts"}],"about":[{"href":"https:\/\/webdealta.info\/index.php?rest_route=\/wp\/v2\/types\/post"}],"author":[{"embeddable":true,"href":"https:\/\/webdealta.info\/index.php?rest_route=\/wp\/v2\/users\/2"}],"replies":[{"embeddable":true,"href":"https:\/\/webdealta.info\/index.php?rest_route=%2Fwp%2Fv2%2Fcomments&post=5266"}],"version-history":[{"count":2,"href":"https:\/\/webdealta.info\/index.php?rest_route=\/wp\/v2\/posts\/5266\/revisions"}],"predecessor-version":[{"id":5272,"href":"https:\/\/webdealta.info\/index.php?rest_route=\/wp\/v2\/posts\/5266\/revisions\/5272"}],"wp:featuredmedia":[{"embeddable":true,"href":"https:\/\/webdealta.info\/index.php?rest_route=\/wp\/v2\/media\/5267"}],"wp:attachment":[{"href":"https:\/\/webdealta.info\/index.php?rest_route=%2Fwp%2Fv2%2Fmedia&parent=5266"}],"wp:term":[{"taxonomy":"category","embeddable":true,"href":"https:\/\/webdealta.info\/index.php?rest_route=%2Fwp%2Fv2%2Fcategories&post=5266"},{"taxonomy":"post_tag","embeddable":true,"href":"https:\/\/webdealta.info\/index.php?rest_route=%2Fwp%2Fv2%2Ftags&post=5266"}],"curies":[{"name":"wp","href":"https:\/\/api.w.org\/{rel}","templated":true}]}}