{"id":5258,"date":"2022-08-05T16:32:10","date_gmt":"2022-08-05T20:32:10","guid":{"rendered":"https:\/\/webdealta.info\/?p=5258"},"modified":"2022-08-05T16:32:11","modified_gmt":"2022-08-05T20:32:11","slug":"fundehullan-sostuvo-encuentro-con-gremios-y-sociedad-civil-de-guarico","status":"publish","type":"post","link":"https:\/\/webdealta.info\/?p=5258","title":{"rendered":"Fundehullan sostuvo encuentro con gremios y sociedad civil de Gu\u00e1rico"},"content":{"rendered":"\n<p>Con el prop\u00f3sito de articular esfuerzos entre la sociedad civil, gremios, sindicatos y movimientos sociales del estado Gu\u00e1rico, el presidente de la Fundaci\u00f3n de Derechos Humanos de los Llanos (Fundehullan), Roland Garc\u00eda, visit\u00f3 la capital de la entidad junto a su equipo de abogados, rechazando las acciones violatorias de los funcionarios de seguridad contra los ciudadanos.<\/p>\n\n\n\n<p>\u201cCreemos que la sociedad civil es un m\u00fasculo importante para poder defender los DDHH. El derecho a la libertad de reuni\u00f3n est\u00e1 siendo obstaculizado por distintos cuerpos de seguridad, quienes graban, siguen e intimidan a los defensores de derechos humanos, a los sindicalistas, pero tambi\u00e9n a personas pol\u00edticas. Exigimos la liberaci\u00f3n inmediata de todos los defensores detenidos en Venezuela, y el caso concreto aqu\u00ed en Gu\u00e1rico de Reynaldo Cort\u00e9s, aprehendido injustamente\u201d, expres\u00f3.<\/p>\n\n\n\n<p>Asimismo, Garc\u00eda hizo entrega de un documento en la sede del Ministerio P\u00fablico (MP) de San Juan de los Morros, donde exigen el cese de la criminalizaci\u00f3n, de la obstaculizaci\u00f3n, de la intimidaci\u00f3n y de medidas que impiden el libre ejercicio de la defensa de los DDHH.<\/p>\n\n\n\n<p><strong>&nbsp;Fundehullan&nbsp;present\u00f3 sus iniciativas a la sociedad civil<\/strong><\/p>\n\n\n\n<p>Por otro lado, durante su estad\u00eda en San Juan de los Morros, el titular de Fundehullan encabez\u00f3 un encuentro con diversos actores pol\u00edticos y representantes de gremios que hacen vida en la regi\u00f3n, para presentar las diferentes iniciativas con las que cuenta la ONG, adem\u00e1s de generar canales de alianzas y llegar a un mayor n\u00famero de guarique\u00f1os.<\/p>\n\n\n\n<p>\u201cNosotros creemos en una gran premisa y es que no se defiende lo que no se conoce y si los ciudadanos y los gremios no conocen sus derechos humanos, no van a poder denunciarlos, como tambi\u00e9n hemos entendido que no existe forma de defender los derechos humanos si no logramos documentar de manera efectiva\u201d, detall\u00f3.<\/p>\n\n\n\n<p>De igual forma, el Abogado manifest\u00f3 que mediante\u00a0Piscca, proyecto de innovaci\u00f3n de la fundaci\u00f3n, buscan informar a m\u00e1s de 12.000 personas sobre la situaci\u00f3n de DDHH en Gu\u00e1rico, en especial en aquellas comunidades de pobreza extrema que no tienen acceso a medios de informaci\u00f3n, frenando la desigualdad que existe actualmente en la naci\u00f3n.<\/p>\n\n\n\n<p><\/p>\n\n\n\n<p>Prensa Fundehullan<\/p>\n","protected":false},"excerpt":{"rendered":"<p>Con el prop\u00f3sito de articular esfuerzos entre la sociedad civil, gremios, sindicatos y movimientos sociales del estado Gu\u00e1rico, el presidente de la Fundaci\u00f3n de Derechos Humanos de los Llanos (Fundehullan), Roland Garc\u00eda, visit\u00f3 la capital de la entidad junto a su equipo de abogados, rechazando las acciones violatorias de los<\/p>\n","protected":false},"author":2,"featured_media":5259,"comment_status":"open","ping_status":"open","sticky":false,"template":"","format":"standard","meta":{"advanced_seo_description":"","jetpack_seo_html_title":"","jetpack_seo_noindex":false,"_jetpack_memberships_contains_paid_content":false,"footnotes":"","jetpack_publicize_message":"","jetpack_publicize_feature_enabled":true,"jetpack_social_post_already_shared":true,"jetpack_social_options":{"image_generator_settings":{"template":"highway","enabled":false},"version":2}},"categories":[305],"tags":[8,7,32],"class_list":["post-5258","post","type-post","status-publish","format-standard","has-post-thumbnail","hentry","category-derechos-humanos","tag-altagraciadeorituco","tag-guarico","tag-webdealta",""],"jetpack_publicize_connections":[],"jetpack_featured_media_url":"https:\/\/webdealta.info\/wp-content\/uploads\/2022\/08\/webdealta-fundehullan.jpeg","jetpack_sharing_enabled":true,"jetpack_likes_enabled":true,"jetpack-related-posts":[],"jetpack_shortlink":"https:\/\/wp.me\/pcseDn-1mO","_links":{"self":[{"href":"https:\/\/webdealta.info\/index.php?rest_route=\/wp\/v2\/posts\/5258","targetHints":{"allow":["GET"]}}],"collection":[{"href":"https:\/\/webdealta.info\/index.php?rest_route=\/wp\/v2\/posts"}],"about":[{"href":"https:\/\/webdealta.info\/index.php?rest_route=\/wp\/v2\/types\/post"}],"author":[{"embeddable":true,"href":"https:\/\/webdealta.info\/index.php?rest_route=\/wp\/v2\/users\/2"}],"replies":[{"embeddable":true,"href":"https:\/\/webdealta.info\/index.php?rest_route=%2Fwp%2Fv2%2Fcomments&post=5258"}],"version-history":[{"count":1,"href":"https:\/\/webdealta.info\/index.php?rest_route=\/wp\/v2\/posts\/5258\/revisions"}],"predecessor-version":[{"id":5260,"href":"https:\/\/webdealta.info\/index.php?rest_route=\/wp\/v2\/posts\/5258\/revisions\/5260"}],"wp:featuredmedia":[{"embeddable":true,"href":"https:\/\/webdealta.info\/index.php?rest_route=\/wp\/v2\/media\/5259"}],"wp:attachment":[{"href":"https:\/\/webdealta.info\/index.php?rest_route=%2Fwp%2Fv2%2Fmedia&parent=5258"}],"wp:term":[{"taxonomy":"category","embeddable":true,"href":"https:\/\/webdealta.info\/index.php?rest_route=%2Fwp%2Fv2%2Fcategories&post=5258"},{"taxonomy":"post_tag","embeddable":true,"href":"https:\/\/webdealta.info\/index.php?rest_route=%2Fwp%2Fv2%2Ftags&post=5258"}],"curies":[{"name":"wp","href":"https:\/\/api.w.org\/{rel}","templated":true}]}}