{"id":5217,"date":"2022-07-31T21:28:08","date_gmt":"2022-08-01T01:28:08","guid":{"rendered":"https:\/\/webdealta.info\/?p=5217"},"modified":"2022-07-31T21:28:10","modified_gmt":"2022-08-01T01:28:10","slug":"altagracia-inicia-semana-de-la-lactancia-materna","status":"publish","type":"post","link":"https:\/\/webdealta.info\/?p=5217","title":{"rendered":"Altagracia: inicia Semana de la Lactancia Materna"},"content":{"rendered":"\n<p>Amanda Saldivia.-<\/p>\n\n\n\n<p>Con la asistencia al espacio Tiempo de Cambios, que se transmite a trav\u00e9s de la emisora Activa 104.9 FM de Altagracia de Orituco, se inicia la programaci\u00f3n de la Semana Mundial de la Lactancia Materna en esta regi\u00f3n del estado Gu\u00e1rico, a los fines de difundir la importancia de amamantar en los primeros meses de vida del beb\u00e9.<\/p>\n\n\n\n<p>La invitada ser\u00e1 la licenciada Kimberly Jaramillo, coordinadora el Instituto Nacional de Nutrici\u00f3n en el municipio Monagas, quien adelant\u00f3 a este medio digital la programaci\u00f3n que cumplir\u00e1n, desde este lunes primero hasta el domingo siete de agosto:<\/p>\n\n\n\n<p><strong>Semana Mundial de la Lactancia Materna<\/strong><\/p>\n\n\n\n<ul class=\"wp-block-list\"><li>Lunes 01\/08\/22: programa de radio en Activa 104.9 FM. Hora: 5:30 pm<\/li><li>Martes 02\/08\/22: encuentro de c\u00edrculo de apoyo a la lactancia materna, valoraci\u00f3n nutricional, refrigerio saludable, escaneos por parte de Somos Venezuela, con el acompa\u00f1amiento de los estudiantes de Nutrici\u00f3n y Diet\u00e9tica de la Universidad R\u00f3mulo Gallegos, extensi\u00f3n Altagracia. Lugar: Base de Misiones Ezequiel Zamora. Hora: 8:00 am<\/li><li>Mi\u00e9rcoles 03\/08\/22: realizaci\u00f3n de videos acerca de las an\u00e9cdotas y experiencias en el proceso de la lactancia y posterior a ello la difusi\u00f3n en las diferentes redes sociales.<\/li><li>Jueves 04\/08\/22: pinta de mural. Lugar: IPASME Altagracia. Hora: 9:00 am<\/li><li>Vienes 05\/08\/22: actividad formativa y l\u00fadica para madres gestantes y en proceso lactancia materna.<\/li><li>Domingo 07\/08\/22: participaci\u00f3n en la caminata de la UPTLL Juana Ram\u00edrez, en compa\u00f1\u00eda de los estudiantes de Nutrici\u00f3n y Diet\u00e9tica de la UNERG.<\/li><\/ul>\n\n\n\n<p>@amandasaldivia   <\/p>\n\n\n\n<p><\/p>\n","protected":false},"excerpt":{"rendered":"<p>Amanda Saldivia.- Con la asistencia al espacio Tiempo de Cambios, que se transmite a trav\u00e9s de la emisora Activa 104.9 FM de Altagracia de Orituco, se inicia la programaci\u00f3n de la Semana Mundial de la Lactancia Materna en esta regi\u00f3n del estado Gu\u00e1rico, a los fines de difundir la importancia<\/p>\n","protected":false},"author":2,"featured_media":5218,"comment_status":"open","ping_status":"open","sticky":false,"template":"","format":"standard","meta":{"advanced_seo_description":"","jetpack_seo_html_title":"","jetpack_seo_noindex":false,"_jetpack_memberships_contains_paid_content":false,"footnotes":"","jetpack_publicize_message":"","jetpack_publicize_feature_enabled":true,"jetpack_social_post_already_shared":true,"jetpack_social_options":{"image_generator_settings":{"template":"highway","enabled":false},"version":2}},"categories":[12],"tags":[8,7,32],"class_list":["post-5217","post","type-post","status-publish","format-standard","has-post-thumbnail","hentry","category-salud","tag-altagraciadeorituco","tag-guarico","tag-webdealta",""],"jetpack_publicize_connections":[],"jetpack_featured_media_url":"https:\/\/webdealta.info\/wp-content\/uploads\/2022\/07\/inn-webdealta.png","jetpack_sharing_enabled":true,"jetpack_likes_enabled":true,"jetpack-related-posts":[],"jetpack_shortlink":"https:\/\/wp.me\/pcseDn-1m9","_links":{"self":[{"href":"https:\/\/webdealta.info\/index.php?rest_route=\/wp\/v2\/posts\/5217","targetHints":{"allow":["GET"]}}],"collection":[{"href":"https:\/\/webdealta.info\/index.php?rest_route=\/wp\/v2\/posts"}],"about":[{"href":"https:\/\/webdealta.info\/index.php?rest_route=\/wp\/v2\/types\/post"}],"author":[{"embeddable":true,"href":"https:\/\/webdealta.info\/index.php?rest_route=\/wp\/v2\/users\/2"}],"replies":[{"embeddable":true,"href":"https:\/\/webdealta.info\/index.php?rest_route=%2Fwp%2Fv2%2Fcomments&post=5217"}],"version-history":[{"count":1,"href":"https:\/\/webdealta.info\/index.php?rest_route=\/wp\/v2\/posts\/5217\/revisions"}],"predecessor-version":[{"id":5219,"href":"https:\/\/webdealta.info\/index.php?rest_route=\/wp\/v2\/posts\/5217\/revisions\/5219"}],"wp:featuredmedia":[{"embeddable":true,"href":"https:\/\/webdealta.info\/index.php?rest_route=\/wp\/v2\/media\/5218"}],"wp:attachment":[{"href":"https:\/\/webdealta.info\/index.php?rest_route=%2Fwp%2Fv2%2Fmedia&parent=5217"}],"wp:term":[{"taxonomy":"category","embeddable":true,"href":"https:\/\/webdealta.info\/index.php?rest_route=%2Fwp%2Fv2%2Fcategories&post=5217"},{"taxonomy":"post_tag","embeddable":true,"href":"https:\/\/webdealta.info\/index.php?rest_route=%2Fwp%2Fv2%2Ftags&post=5217"}],"curies":[{"name":"wp","href":"https:\/\/api.w.org\/{rel}","templated":true}]}}