{"id":5209,"date":"2022-07-30T11:45:09","date_gmt":"2022-07-30T15:45:09","guid":{"rendered":"https:\/\/webdealta.info\/?p=5209"},"modified":"2022-07-30T11:45:10","modified_gmt":"2022-07-30T15:45:10","slug":"el-poder-del-conocimiento-trasplantan-oreja-impresa-en-3d","status":"publish","type":"post","link":"https:\/\/webdealta.info\/?p=5209","title":{"rendered":"El Poder del Conocimiento: trasplantan oreja impresa en 3D"},"content":{"rendered":"\n<p>Amanda Saldivia.-<\/p>\n\n\n\n<p>Presentamos aspectos interesantes de los \u00faltimos usos de las impresoras 3D, tecnolog\u00eda disponible desde la d\u00e9cada de los 80 que ha revolucionado el campo del conocimiento, incluida la medicina, en la cual se utiliza desde el a\u00f1o 2000 en las pr\u00f3tesis para el \u00e1rea de odontolog\u00eda y traumatolog\u00eda, por ejemplo.<\/p>\n\n\n\n<p>A inicios del mes de junio de 2022, se inform\u00f3 que una empresa estadounidense dedicada a la investigaci\u00f3n de la medicina regenerativa, logr\u00f3 trasplantar por primera vez una oreja que fue impresa con la tecnolog\u00eda 3D.<\/p>\n\n\n\n<p>Por qu\u00e9 este hallazgo es tan importante. La raz\u00f3n es que logr\u00f3 con las propias c\u00e9lulas de la paciente, lo que se considera extraordinario y que abrir\u00e1 posibilidades al mundo de la ciencia, con fines de mejorar la calidad de vida de los pacientes.<\/p>\n\n\n\n<p>En el caso de la oreja trasplantada, fue para una joven que naci\u00f3 con microtia, una enfermedad cong\u00e9nita en la uno o ambos o\u00eddos externos no se desarrollan y eso afecta la audici\u00f3n.<\/p>\n\n\n\n<p>En un trabajo de Radio Televisi\u00f3n Espa\u00f1ola, destacan que la nueva oreja lleva el nombre de AuriNovo y fue implantada en marzo de este a\u00f1o. Se espera que se siga regenerando el tejido del cart\u00edlago, lo que dar\u00e1 finalmente la apariencia natural, eso seg\u00fan el comunicado que emiti\u00f3 la empresa estadounidense 3DBio.<\/p>\n\n\n\n<p>En el reportaje se puede leer que el cirujano pediatra que forma parte del equipo investigador, cree que si todo sale como fue planeado, revolucionar\u00e1 el mundo cient\u00edfico, porque la impresi\u00f3n 3D se logr\u00f3 a partir de medio gramo de cart\u00edlago del o\u00eddo externo de la paciente, el cual fue enviado al laboratorio, as\u00ed como tambi\u00e9n el escaneo en 3D del o\u00eddo sano.<\/p>\n\n\n\n<p>De esa forma, se cultivaron las c\u00e9lulas, las cuales se mezclaron con \u201cbiotinta a base de col\u00e1geno de la compa\u00f1\u00eda\u201d y se realiz\u00f3 la impresi\u00f3n 3D. En este ensayo cl\u00ednico est\u00e1n 11 pacientes m\u00e1s y la esperanza est\u00e1 centrada en que el implante se logra con c\u00e9lulas del mismo paciente, motivo por el cual creen que el cuerpo no lo rechazar\u00e1.<\/p>\n\n\n\n<p>Las impresoras 3D llegaron para cambiar al mundo, por eso avanza su utilizaci\u00f3n en diversos campos, entre ellos la medicina, en la cual se espera contin\u00fae con la posible impresi\u00f3n de tejidos similares a la piel humana, \u00f3rganos y huesos, lo que permitir\u00e1 tratar enfermedades o lesiones que hasta el momento se cre\u00edan incurables.<\/p>\n\n\n\n<p>Ese fue el tema de la semana en la serie de micros El Poder del Conocimiento, iniciativa de Promasorca, para espacio para enriquecer los saberes con curiosidades, an\u00e9cdotas e historias interesantes de nuestra regi\u00f3n Orituque\u00f1a y del mundo.<\/p>\n\n\n\n<p>@amandasaldivia<\/p>\n\n\n\n<p>Foto cortes\u00eda   <\/p>\n\n\n\n<p><\/p>\n","protected":false},"excerpt":{"rendered":"<p>Amanda Saldivia.- Presentamos aspectos interesantes de los \u00faltimos usos de las impresoras 3D, tecnolog\u00eda disponible desde la d\u00e9cada de los 80 que ha revolucionado el campo del conocimiento, incluida la medicina, en la cual se utiliza desde el a\u00f1o 2000 en las pr\u00f3tesis para el \u00e1rea de odontolog\u00eda y traumatolog\u00eda,<\/p>\n","protected":false},"author":2,"featured_media":5210,"comment_status":"open","ping_status":"open","sticky":false,"template":"","format":"standard","meta":{"advanced_seo_description":"","jetpack_seo_html_title":"","jetpack_seo_noindex":false,"_jetpack_memberships_contains_paid_content":false,"footnotes":"","jetpack_publicize_message":"","jetpack_publicize_feature_enabled":true,"jetpack_social_post_already_shared":true,"jetpack_social_options":{"image_generator_settings":{"template":"highway","enabled":false},"version":2}},"categories":[302],"tags":[8,7,32],"class_list":["post-5209","post","type-post","status-publish","format-standard","has-post-thumbnail","hentry","category-el-poder-del-conocimiento","tag-altagraciadeorituco","tag-guarico","tag-webdealta",""],"jetpack_publicize_connections":[],"jetpack_featured_media_url":"https:\/\/webdealta.info\/wp-content\/uploads\/2022\/07\/oreja.jpg","jetpack_sharing_enabled":true,"jetpack_likes_enabled":true,"jetpack-related-posts":[],"jetpack_shortlink":"https:\/\/wp.me\/pcseDn-1m1","_links":{"self":[{"href":"https:\/\/webdealta.info\/index.php?rest_route=\/wp\/v2\/posts\/5209","targetHints":{"allow":["GET"]}}],"collection":[{"href":"https:\/\/webdealta.info\/index.php?rest_route=\/wp\/v2\/posts"}],"about":[{"href":"https:\/\/webdealta.info\/index.php?rest_route=\/wp\/v2\/types\/post"}],"author":[{"embeddable":true,"href":"https:\/\/webdealta.info\/index.php?rest_route=\/wp\/v2\/users\/2"}],"replies":[{"embeddable":true,"href":"https:\/\/webdealta.info\/index.php?rest_route=%2Fwp%2Fv2%2Fcomments&post=5209"}],"version-history":[{"count":1,"href":"https:\/\/webdealta.info\/index.php?rest_route=\/wp\/v2\/posts\/5209\/revisions"}],"predecessor-version":[{"id":5211,"href":"https:\/\/webdealta.info\/index.php?rest_route=\/wp\/v2\/posts\/5209\/revisions\/5211"}],"wp:featuredmedia":[{"embeddable":true,"href":"https:\/\/webdealta.info\/index.php?rest_route=\/wp\/v2\/media\/5210"}],"wp:attachment":[{"href":"https:\/\/webdealta.info\/index.php?rest_route=%2Fwp%2Fv2%2Fmedia&parent=5209"}],"wp:term":[{"taxonomy":"category","embeddable":true,"href":"https:\/\/webdealta.info\/index.php?rest_route=%2Fwp%2Fv2%2Fcategories&post=5209"},{"taxonomy":"post_tag","embeddable":true,"href":"https:\/\/webdealta.info\/index.php?rest_route=%2Fwp%2Fv2%2Ftags&post=5209"}],"curies":[{"name":"wp","href":"https:\/\/api.w.org\/{rel}","templated":true}]}}