{"id":5201,"date":"2022-07-28T22:07:13","date_gmt":"2022-07-29T02:07:13","guid":{"rendered":"https:\/\/webdealta.info\/?p=5201"},"modified":"2022-07-28T22:07:14","modified_gmt":"2022-07-29T02:07:14","slug":"dos-orituquenos-a-evento-nacional-talento-de-corazon-juvenil","status":"publish","type":"post","link":"https:\/\/webdealta.info\/?p=5201","title":{"rendered":"Dos orituque\u00f1os a evento nacional Talento de Coraz\u00f3n Juvenil"},"content":{"rendered":"\n<p>Amanda Saldivia.-<\/p>\n\n\n\n<p>Rams\u00e9s D\u00edaz Carruido, El Fara\u00f3n del Canto, es un int\u00e9rprete gracitano de 14 a\u00f1os de edad, quien cautiv\u00f3 al jurado del festival Talento de Coraz\u00f3n Juvenil con el registro vocal de tenor l\u00edrico, al presentarse en escena con el tema Soledad, lo que le vali\u00f3 ser seleccionado para representar al estado Gu\u00e1rico en la edici\u00f3n nacional de esa competencia art\u00edstica, a la cual asistir\u00e1 acompa\u00f1ado por la tambi\u00e9n orituque\u00f1a Luisana Nava y otros dos guarique\u00f1os.<\/p>\n\n\n\n<p>Este jueves 28 de julio, Rams\u00e9s D\u00edaz, acompa\u00f1ado por sus padres Iv\u00e1n D\u00edaz y Delia Carruido, fueron los invitados al programa Tiempo de Cambios que se transmite por la emisora Activa 104.9 FM de Altagracia de Orituco, para compartir la experiencia vivida y los pasos que seguir\u00e1n para apoyar la carrera de este joven talento local.<\/p>\n\n\n\n<p>La selecci\u00f3n del estado Gu\u00e1rico, a Talento de Coraz\u00f3n Juvenil, fue el pasado lunes 25 de julio en San Juan de los Morros, con la participaci\u00f3n de 28 j\u00f3venes que interpretan m\u00fasica venezolana en los renglones recio y estilizado, con la buena noticia de que los dos representantes del municipio Monagas resultaron ganadores, as\u00ed como tambi\u00e9n lo hicieron otros dos gracitanos en la versi\u00f3n infantil de este mismo evento, celebrada meses atr\u00e1s.<\/p>\n\n\n\n<p>En medio de la entrevista, Rams\u00e9s dijo que comenz\u00f3 a cantar desde peque\u00f1o en casa, pero fue en cuarto grado que se subi\u00f3 por primera vez al escenario con la interpretaci\u00f3n del tema de cantautor puertorrique\u00f1o Luis Fonsi, No me doy por vencido, en esa oportunidad como representante de la escuela b\u00e1sica Jos\u00e9 Tadeo Monagas.<\/p>\n\n\n\n<p>A partir de ese momento, sigui\u00f3 la presentaci\u00f3n en festivales locales y en otras regiones del pa\u00eds, pero con m\u00fasica venezolana estilizada. Se\u00f1al\u00f3 que el tema Soledad siempre ha sido parte de su repertorio, por la admiraci\u00f3n que siente por Rogelio Ortiz, cantante de esta tierra, actualmente radicado en Miami.<\/p>\n\n\n\n<p>Para celebrar la destacada participaci\u00f3n de Rams\u00e9s D\u00edaz y Luisana Nava, se organiz\u00f3 \u00a0en Altagracia una caravana este mi\u00e9rcoles 27 de julio, en la cual estuvo presente el profesor Jos\u00e9 Gregorio Utrera, director de la escuela de canto Los Gracitanitos, la cual destaca por la formaci\u00f3n de ni\u00f1os y j\u00f3venes talentos del municipio Jos\u00e9 Tadeo Monagas, entre ellos los cuatro seleccionados este a\u00f1o a Talento de Coraz\u00f3n.<\/p>\n\n\n\n<p>Luisana Nava no asisti\u00f3 al programa radial, porque se encontraba en Los Negros, caser\u00edo de donde es oriunda y en el cual le ten\u00eda un recibimiento especial por haber logrado la clasificaci\u00f3n.<\/p>\n\n\n\n<p>@amandasaldivia   <\/p>\n\n\n\n<p><\/p>\n","protected":false},"excerpt":{"rendered":"<p>Amanda Saldivia.- Rams\u00e9s D\u00edaz Carruido, El Fara\u00f3n del Canto, es un int\u00e9rprete gracitano de 14 a\u00f1os de edad, quien cautiv\u00f3 al jurado del festival Talento de Coraz\u00f3n Juvenil con el registro vocal de tenor l\u00edrico, al presentarse en escena con el tema Soledad, lo que le vali\u00f3 ser seleccionado para<\/p>\n","protected":false},"author":2,"featured_media":5202,"comment_status":"open","ping_status":"open","sticky":false,"template":"","format":"standard","meta":{"advanced_seo_description":"","jetpack_seo_html_title":"","jetpack_seo_noindex":false,"_jetpack_memberships_contains_paid_content":false,"footnotes":"","jetpack_publicize_message":"","jetpack_publicize_feature_enabled":true,"jetpack_social_post_already_shared":true,"jetpack_social_options":{"image_generator_settings":{"template":"highway","enabled":false},"version":2}},"categories":[311],"tags":[8,7,32],"class_list":["post-5201","post","type-post","status-publish","format-standard","has-post-thumbnail","hentry","category-talento-de-corazon","tag-altagraciadeorituco","tag-guarico","tag-webdealta",""],"jetpack_publicize_connections":[],"jetpack_featured_media_url":"https:\/\/webdealta.info\/wp-content\/uploads\/2022\/07\/talento-de-corazon-webdealta-ramses-diaz.jpg","jetpack_sharing_enabled":true,"jetpack_likes_enabled":true,"jetpack-related-posts":[],"jetpack_shortlink":"https:\/\/wp.me\/pcseDn-1lT","_links":{"self":[{"href":"https:\/\/webdealta.info\/index.php?rest_route=\/wp\/v2\/posts\/5201","targetHints":{"allow":["GET"]}}],"collection":[{"href":"https:\/\/webdealta.info\/index.php?rest_route=\/wp\/v2\/posts"}],"about":[{"href":"https:\/\/webdealta.info\/index.php?rest_route=\/wp\/v2\/types\/post"}],"author":[{"embeddable":true,"href":"https:\/\/webdealta.info\/index.php?rest_route=\/wp\/v2\/users\/2"}],"replies":[{"embeddable":true,"href":"https:\/\/webdealta.info\/index.php?rest_route=%2Fwp%2Fv2%2Fcomments&post=5201"}],"version-history":[{"count":1,"href":"https:\/\/webdealta.info\/index.php?rest_route=\/wp\/v2\/posts\/5201\/revisions"}],"predecessor-version":[{"id":5203,"href":"https:\/\/webdealta.info\/index.php?rest_route=\/wp\/v2\/posts\/5201\/revisions\/5203"}],"wp:featuredmedia":[{"embeddable":true,"href":"https:\/\/webdealta.info\/index.php?rest_route=\/wp\/v2\/media\/5202"}],"wp:attachment":[{"href":"https:\/\/webdealta.info\/index.php?rest_route=%2Fwp%2Fv2%2Fmedia&parent=5201"}],"wp:term":[{"taxonomy":"category","embeddable":true,"href":"https:\/\/webdealta.info\/index.php?rest_route=%2Fwp%2Fv2%2Fcategories&post=5201"},{"taxonomy":"post_tag","embeddable":true,"href":"https:\/\/webdealta.info\/index.php?rest_route=%2Fwp%2Fv2%2Ftags&post=5201"}],"curies":[{"name":"wp","href":"https:\/\/api.w.org\/{rel}","templated":true}]}}