{"id":5192,"date":"2022-07-27T20:55:23","date_gmt":"2022-07-28T00:55:23","guid":{"rendered":"https:\/\/webdealta.info\/?p=5192"},"modified":"2022-07-28T22:08:25","modified_gmt":"2022-07-29T02:08:25","slug":"con-reinscripcion-y-caminata-cierra-la-uptll-lapso-academico","status":"publish","type":"post","link":"https:\/\/webdealta.info\/?p=5192","title":{"rendered":"Con preinscripci\u00f3n y caminata la UPTLL cierra lapso acad\u00e9mico"},"content":{"rendered":"\n<p>Amanda Saldivia.-<\/p>\n\n\n\n<p>Con el proceso de preinscripci\u00f3n en l\u00ednea y caminata hasta la poblaci\u00f3n de Macaira, culmina el lapso acad\u00e9mico regular la Universidad Polit\u00e9cnica Territorial de los Llanos Juana Ram\u00edrez, extensi\u00f3n Altagracia de Orituco, para dar paso a los cursos intensivos y el per\u00edodo vacacional.<\/p>\n\n\n\n<p>El profesor Irving Ibirmas, director de Escuela de la citada universidad, acompa\u00f1ado por Beralia Bravo, coordinadora de la caminata Ecol\u00f3gica, por la Salud, la Paz, el Amor y la Amistad, fueron los invitados al programa Tiempo de Cambios de este mi\u00e9rcoles 27 de julio, en el cual dieron a conocer detalles de las actividades programadas a la audiencia de Activa 104.9 FM.<\/p>\n\n\n\n<p>Respecto a la preinscripci\u00f3n, el profesor Ibirmas se\u00f1al\u00f3 que el proceso en l\u00ednea estar\u00e1 abierto hasta el nueve de septiembre y que los interesados deben ingresar al link &nbsp;<a href=\"http:\/\/uptllanos.ddns.net\">http:\/\/uptllanos.ddns.net<\/a>, a los fines de seleccionar una de las cuatro ofertas de formaci\u00f3n y completar los datos que solicitan.<\/p>\n\n\n\n<p>El profesor Ibirmas agreg\u00f3, que hasta el momento se mantienen las cuatro carreras de los Programas Nacionales de Formaci\u00f3n, es decir Administraci\u00f3n, Inform\u00e1tica, Agroalimentaci\u00f3n y Medicina Veterinaria.<\/p>\n\n\n\n<p>En torno a otras posibilidades de estudio, indic\u00f3 que est\u00e1n a la espera de la aprobaci\u00f3n, por parte de las autoridades, del proceso de censo para la carrera de Contadur\u00eda P\u00fablica, pero dej\u00f3 claro que no existe seguridad ni de ese proceso inicial de aspirantes y mucho menos fecha para que esa carrera se concrete.<\/p>\n\n\n\n<p>En lo que s\u00ed hay mayor certeza, coment\u00f3 el director de Escuela de la Universidad, es la posibilidad de cursos estudios de postgrado en Gesti\u00f3n P\u00fablica, Agroecolog\u00eda y Desarrollo de Software, ya que se ultiman los tr\u00e1mites para la designaci\u00f3n del responsable del \u00e1rea y dar paso al censo por cada una de esas ramas del conocimiento.<\/p>\n\n\n\n<p>Durante el desarrollo de la entrevista, se abordaron temas relacionados con la planta f\u00edsica y la necesidad de recuperar el parque automotor, ya que un solo transporte est\u00e1 disponible para el estudiantado.<\/p>\n\n\n\n<p><strong>Inscripciones abiertas para la Caminata Ecol\u00f3gica<\/strong><\/p>\n\n\n\n<p>Por otra parte, Beralia Bravo, coordinadora de la caminata Ecol\u00f3gica, por la Salud, la Paz, el Amor y la Amistad, invit\u00f3 a inscribirse para disfrutar de la ruta desde sede de la UPTLL hasta la poblaci\u00f3n de Macaira, recorrido de 24 kil\u00f3metros que ya es tradici\u00f3n en esa casa de estudios universitarios.<\/p>\n\n\n\n<p>Precis\u00f3, que est\u00e1n en la sede de la universidad desde las 8:00 am hasta las 12: M, en el proceso de inscripci\u00f3n para quienes quieran pasar un domingo 7 de agosto diferente, en contacto con la naturaleza y en una ruta con atractivo tur\u00edstico.<\/p>\n\n\n\n<p>El valor de la inscripci\u00f3n es de un d\u00f3lar, el cual que ser\u00e1 utilizado para cubrir parte de la log\u00edstica. &nbsp;Asimismo, dijo que tendr\u00e1n puntos itinerantes de inscripci\u00f3n, entre ellos visitas en los espacios donde est\u00e1n los estudiantes de la UNERG, adem\u00e1s estar\u00e1n presentes el pr\u00f3ximo domingo 31 de julio, en la calle Hurtado Ascanio, punto de partida de carrera de 5K y 10K, organizado por el Club Gracitanos Runners.<\/p>\n\n\n\n<p>En cuanto a la hidrataci\u00f3n de los caminantes, Beralia Bravo, especific\u00f3 que ser\u00e1n 19 en total, a cargo de los departamentos de la misma universidad y otros con el apoyo de la Alcald\u00eda del municipio Monagas, Ipasme, INTT, CRP y comerciantes que siempre apoyan las iniciativas de esta universidad.<\/p>\n\n\n\n<p>@amandasaldivia   <\/p>\n\n\n\n<p><\/p>\n","protected":false},"excerpt":{"rendered":"<p>Amanda Saldivia.- Con el proceso de preinscripci\u00f3n en l\u00ednea y caminata hasta la poblaci\u00f3n de Macaira, culmina el lapso acad\u00e9mico regular la Universidad Polit\u00e9cnica Territorial de los Llanos Juana Ram\u00edrez, extensi\u00f3n Altagracia de Orituco, para dar paso a los cursos intensivos y el per\u00edodo vacacional. El profesor Irving Ibirmas, director<\/p>\n","protected":false},"author":2,"featured_media":5193,"comment_status":"open","ping_status":"open","sticky":false,"template":"","format":"standard","meta":{"advanced_seo_description":"","jetpack_seo_html_title":"","jetpack_seo_noindex":false,"_jetpack_memberships_contains_paid_content":false,"footnotes":"","jetpack_publicize_message":"","jetpack_publicize_feature_enabled":true,"jetpack_social_post_already_shared":true,"jetpack_social_options":{"image_generator_settings":{"template":"highway","enabled":false},"version":2}},"categories":[151],"tags":[8,7,32],"class_list":["post-5192","post","type-post","status-publish","format-standard","has-post-thumbnail","hentry","category-educacion","tag-altagraciadeorituco","tag-guarico","tag-webdealta",""],"jetpack_publicize_connections":[],"jetpack_featured_media_url":"https:\/\/webdealta.info\/wp-content\/uploads\/2022\/07\/uptllanos-webdealta.jpg","jetpack_sharing_enabled":true,"jetpack_likes_enabled":true,"jetpack-related-posts":[],"jetpack_shortlink":"https:\/\/wp.me\/pcseDn-1lK","_links":{"self":[{"href":"https:\/\/webdealta.info\/index.php?rest_route=\/wp\/v2\/posts\/5192","targetHints":{"allow":["GET"]}}],"collection":[{"href":"https:\/\/webdealta.info\/index.php?rest_route=\/wp\/v2\/posts"}],"about":[{"href":"https:\/\/webdealta.info\/index.php?rest_route=\/wp\/v2\/types\/post"}],"author":[{"embeddable":true,"href":"https:\/\/webdealta.info\/index.php?rest_route=\/wp\/v2\/users\/2"}],"replies":[{"embeddable":true,"href":"https:\/\/webdealta.info\/index.php?rest_route=%2Fwp%2Fv2%2Fcomments&post=5192"}],"version-history":[{"count":4,"href":"https:\/\/webdealta.info\/index.php?rest_route=\/wp\/v2\/posts\/5192\/revisions"}],"predecessor-version":[{"id":5204,"href":"https:\/\/webdealta.info\/index.php?rest_route=\/wp\/v2\/posts\/5192\/revisions\/5204"}],"wp:featuredmedia":[{"embeddable":true,"href":"https:\/\/webdealta.info\/index.php?rest_route=\/wp\/v2\/media\/5193"}],"wp:attachment":[{"href":"https:\/\/webdealta.info\/index.php?rest_route=%2Fwp%2Fv2%2Fmedia&parent=5192"}],"wp:term":[{"taxonomy":"category","embeddable":true,"href":"https:\/\/webdealta.info\/index.php?rest_route=%2Fwp%2Fv2%2Fcategories&post=5192"},{"taxonomy":"post_tag","embeddable":true,"href":"https:\/\/webdealta.info\/index.php?rest_route=%2Fwp%2Fv2%2Ftags&post=5192"}],"curies":[{"name":"wp","href":"https:\/\/api.w.org\/{rel}","templated":true}]}}