{"id":5187,"date":"2022-07-26T20:36:13","date_gmt":"2022-07-27T00:36:13","guid":{"rendered":"https:\/\/webdealta.info\/?p=5187"},"modified":"2022-07-26T20:36:16","modified_gmt":"2022-07-27T00:36:16","slug":"otra-vez-la-onapre-violo-constitucion-y-contratacion-colectiva","status":"publish","type":"post","link":"https:\/\/webdealta.info\/?p=5187","title":{"rendered":"Otra vez la ONAPRE viol\u00f3 Constituci\u00f3n y contrataci\u00f3n colectiva"},"content":{"rendered":"\n<p>Amanda Saldivia.-<\/p>\n\n\n\n<p>Los gremios docentes comenzaron a reaccionar, tras lo que fue el primer impacto y la confusi\u00f3n que se gener\u00f3 en torno al dep\u00f3sito que efectu\u00f3 el gobierno, el pasado viernes 22 de julio, como bono vacacional y el cual no se correspond\u00eda a los c\u00e1lculos a raz\u00f3n del salario que devengan los educadores del pa\u00eds, desde el pasado 15 de marzo.<\/p>\n\n\n\n<p>Ese fue el tema abordado con el profesor Eichler Hern\u00e1ndez, secretario ejecutivo de Fetraense\u00f1anza, quien fue el invitado del programa Tiempo de Cambios de este martes 26 de julio, espacio radial que se transmite en la emisora Activa 104.9 FM de Altagracia de Orituco.<\/p>\n\n\n\n<p>Al explicar lo ocurrido, el profesor Hern\u00e1ndez dej\u00f3 claro una vez m\u00e1s la Onapre viol\u00f3 la Constitucional Nacional y la Contrataci\u00f3n Colectiva del gremio docente y peor todav\u00eda, porque el c\u00e1lculo del bono vacacional fue realizado con base al salario que devengaban los docentes en diciembre de 2021 y no con el ajuste que esa misma oficina hizo el 15 de marzo del a\u00f1o en curso.<\/p>\n\n\n\n<p>El directivo de Fetraense\u00f1anza agreg\u00f3 que hubo una confusi\u00f3n inicial, porque el monto no coincid\u00eda, pero a medida que pasaron las horas se aclar\u00f3 que eso es lo que el gobierno considera se merecen los docentes del pa\u00eds como bono vacacional.<\/p>\n\n\n\n<p>A manera de ejercicio, Hern\u00e1ndez, explic\u00f3 que un docente III esperaba recibir un bono vacacional de 1.795 bol\u00edvares y el monto depositado fue de 369, lo que no representa ni siquiera el 25% de lo estimado.<\/p>\n\n\n\n<p>En respuesta a esa acci\u00f3n del gobierno, el profesor Eichler Hern\u00e1ndez, anunci\u00f3 que este martes 26 de julio, las 17 federaciones introdujeron un documento ante el Tribunal Supremo de Justicia que permita el cese de funciones de la Onapre por desconocer la contrataci\u00f3n colectiva, igualmente hubo protestas ante las zonas educativas del pa\u00eds, as\u00ed como tambi\u00e9n se esperan otras acciones de calle.<\/p>\n\n\n\n<p>@amandasaldivia   <\/p>\n\n\n\n<p><\/p>\n","protected":false},"excerpt":{"rendered":"<p>Amanda Saldivia.- Los gremios docentes comenzaron a reaccionar, tras lo que fue el primer impacto y la confusi\u00f3n que se gener\u00f3 en torno al dep\u00f3sito que efectu\u00f3 el gobierno, el pasado viernes 22 de julio, como bono vacacional y el cual no se correspond\u00eda a los c\u00e1lculos a raz\u00f3n del<\/p>\n","protected":false},"author":2,"featured_media":5188,"comment_status":"open","ping_status":"open","sticky":false,"template":"","format":"standard","meta":{"advanced_seo_description":"","jetpack_seo_html_title":"","jetpack_seo_noindex":false,"_jetpack_memberships_contains_paid_content":false,"footnotes":"","jetpack_publicize_message":"","jetpack_publicize_feature_enabled":true,"jetpack_social_post_already_shared":true,"jetpack_social_options":{"image_generator_settings":{"template":"highway","enabled":false},"version":2}},"categories":[138],"tags":[8,7,32],"class_list":["post-5187","post","type-post","status-publish","format-standard","has-post-thumbnail","hentry","category-reclamo-laboral","tag-altagraciadeorituco","tag-guarico","tag-webdealta",""],"jetpack_publicize_connections":[],"jetpack_featured_media_url":"https:\/\/webdealta.info\/wp-content\/uploads\/2022\/07\/webdealtta-eichler-hernadnez-fetraensenanza.jpg","jetpack_sharing_enabled":true,"jetpack_likes_enabled":true,"jetpack-related-posts":[],"jetpack_shortlink":"https:\/\/wp.me\/pcseDn-1lF","_links":{"self":[{"href":"https:\/\/webdealta.info\/index.php?rest_route=\/wp\/v2\/posts\/5187","targetHints":{"allow":["GET"]}}],"collection":[{"href":"https:\/\/webdealta.info\/index.php?rest_route=\/wp\/v2\/posts"}],"about":[{"href":"https:\/\/webdealta.info\/index.php?rest_route=\/wp\/v2\/types\/post"}],"author":[{"embeddable":true,"href":"https:\/\/webdealta.info\/index.php?rest_route=\/wp\/v2\/users\/2"}],"replies":[{"embeddable":true,"href":"https:\/\/webdealta.info\/index.php?rest_route=%2Fwp%2Fv2%2Fcomments&post=5187"}],"version-history":[{"count":1,"href":"https:\/\/webdealta.info\/index.php?rest_route=\/wp\/v2\/posts\/5187\/revisions"}],"predecessor-version":[{"id":5189,"href":"https:\/\/webdealta.info\/index.php?rest_route=\/wp\/v2\/posts\/5187\/revisions\/5189"}],"wp:featuredmedia":[{"embeddable":true,"href":"https:\/\/webdealta.info\/index.php?rest_route=\/wp\/v2\/media\/5188"}],"wp:attachment":[{"href":"https:\/\/webdealta.info\/index.php?rest_route=%2Fwp%2Fv2%2Fmedia&parent=5187"}],"wp:term":[{"taxonomy":"category","embeddable":true,"href":"https:\/\/webdealta.info\/index.php?rest_route=%2Fwp%2Fv2%2Fcategories&post=5187"},{"taxonomy":"post_tag","embeddable":true,"href":"https:\/\/webdealta.info\/index.php?rest_route=%2Fwp%2Fv2%2Ftags&post=5187"}],"curies":[{"name":"wp","href":"https:\/\/api.w.org\/{rel}","templated":true}]}}