{"id":5180,"date":"2022-07-26T11:26:36","date_gmt":"2022-07-26T15:26:36","guid":{"rendered":"https:\/\/webdealta.info\/?p=5180"},"modified":"2022-07-26T11:26:38","modified_gmt":"2022-07-26T15:26:38","slug":"promocion-gran-mariscal-de-ayacucho-en-iee-altagracia","status":"publish","type":"post","link":"https:\/\/webdealta.info\/?p=5180","title":{"rendered":"Promoci\u00f3n Gran Mariscal de Ayacucho en IEE Altagracia"},"content":{"rendered":"\n<p>Amanda Saldivia.-<\/p>\n\n\n\n<p>El Instituto de Educaci\u00f3n Especial Altagracia se visti\u00f3 de Gala en su XV promoci\u00f3n de graduandos Gran Mariscal de Ayacucho Antonio Jos\u00e9 de Sucre, la cual cont\u00f3 con la presencia de la profesora Betty Tener\u00eda, representantes de la Red Educativa Circuital Jos\u00e9 Tadeo Monagas, as\u00ed como tambi\u00e9n de los padrinos, la profesora Judith P\u00e9rez y el Mayor Aular Gonz\u00e1lez, comandante de la Guardia Rural en esta regi\u00f3n guarique\u00f1a.<\/p>\n\n\n\n<p>El acto fue presidido por la sub directora profesora Carmen Sifontes y transcurri\u00f3 en un ambiente ameno, lleno de sentimientos, alegr\u00eda y nostalgias. Se hizo entrega de diplomas a los estudiantes, por parte de la profesora Leydi Rebilla, responsable del grupo 6.<\/p>\n\n\n\n<p>Destac\u00f3, que Jos\u00e9 Andr\u00e9s Zerpa fue promovido al TEL San Miguel Arc\u00e1ngel, para continuar la prosecuci\u00f3n escolar y as\u00ed as\u00ed dar paso a la capacitaci\u00f3n laboral que permita \u201cser insertado en un trabajo digno, dependiendo su potencial y talento, demostrando independencia autonom\u00eda en una vida plena sin discriminaci\u00f3n\u00bb, dijo la subdirectora de la instituci\u00f3n, profesora Carmen Sifontes.<\/p>\n\n\n\n<p>El acto culmin\u00f3 con el acostumbrado compartir para los estudiantes y para quienes forman parte de la gran familia del Instituto de Educaci\u00f3n Especial Altagracia.<\/p>\n\n\n\n<p>@amandasaldivia  <\/p>\n\n\n\n<p><\/p>\n","protected":false},"excerpt":{"rendered":"<p>Amanda Saldivia.- El Instituto de Educaci\u00f3n Especial Altagracia se visti\u00f3 de Gala en su XV promoci\u00f3n de graduandos Gran Mariscal de Ayacucho Antonio Jos\u00e9 de Sucre, la cual cont\u00f3 con la presencia de la profesora Betty Tener\u00eda, representantes de la Red Educativa Circuital Jos\u00e9 Tadeo Monagas, as\u00ed como tambi\u00e9n de<\/p>\n","protected":false},"author":2,"featured_media":5181,"comment_status":"open","ping_status":"open","sticky":false,"template":"","format":"standard","meta":{"advanced_seo_description":"","jetpack_seo_html_title":"","jetpack_seo_noindex":false,"_jetpack_memberships_contains_paid_content":false,"footnotes":"","jetpack_publicize_message":"","jetpack_publicize_feature_enabled":true,"jetpack_social_post_already_shared":true,"jetpack_social_options":{"image_generator_settings":{"template":"highway","enabled":false},"version":2}},"categories":[151],"tags":[8,7,32],"class_list":["post-5180","post","type-post","status-publish","format-standard","has-post-thumbnail","hentry","category-educacion","tag-altagraciadeorituco","tag-guarico","tag-webdealta",""],"jetpack_publicize_connections":[],"jetpack_featured_media_url":"https:\/\/webdealta.info\/wp-content\/uploads\/2022\/07\/graduacion-IEE-webdealta.png","jetpack_sharing_enabled":true,"jetpack_likes_enabled":true,"jetpack-related-posts":[],"jetpack_shortlink":"https:\/\/wp.me\/pcseDn-1ly","_links":{"self":[{"href":"https:\/\/webdealta.info\/index.php?rest_route=\/wp\/v2\/posts\/5180","targetHints":{"allow":["GET"]}}],"collection":[{"href":"https:\/\/webdealta.info\/index.php?rest_route=\/wp\/v2\/posts"}],"about":[{"href":"https:\/\/webdealta.info\/index.php?rest_route=\/wp\/v2\/types\/post"}],"author":[{"embeddable":true,"href":"https:\/\/webdealta.info\/index.php?rest_route=\/wp\/v2\/users\/2"}],"replies":[{"embeddable":true,"href":"https:\/\/webdealta.info\/index.php?rest_route=%2Fwp%2Fv2%2Fcomments&post=5180"}],"version-history":[{"count":1,"href":"https:\/\/webdealta.info\/index.php?rest_route=\/wp\/v2\/posts\/5180\/revisions"}],"predecessor-version":[{"id":5182,"href":"https:\/\/webdealta.info\/index.php?rest_route=\/wp\/v2\/posts\/5180\/revisions\/5182"}],"wp:featuredmedia":[{"embeddable":true,"href":"https:\/\/webdealta.info\/index.php?rest_route=\/wp\/v2\/media\/5181"}],"wp:attachment":[{"href":"https:\/\/webdealta.info\/index.php?rest_route=%2Fwp%2Fv2%2Fmedia&parent=5180"}],"wp:term":[{"taxonomy":"category","embeddable":true,"href":"https:\/\/webdealta.info\/index.php?rest_route=%2Fwp%2Fv2%2Fcategories&post=5180"},{"taxonomy":"post_tag","embeddable":true,"href":"https:\/\/webdealta.info\/index.php?rest_route=%2Fwp%2Fv2%2Ftags&post=5180"}],"curies":[{"name":"wp","href":"https:\/\/api.w.org\/{rel}","templated":true}]}}