{"id":5172,"date":"2022-07-26T09:17:00","date_gmt":"2022-07-26T13:17:00","guid":{"rendered":"https:\/\/webdealta.info\/?p=5172"},"modified":"2022-07-26T09:17:01","modified_gmt":"2022-07-26T13:17:01","slug":"festivo-acto-de-promocion-de-la-fundacion-del-nino","status":"publish","type":"post","link":"https:\/\/webdealta.info\/?p=5172","title":{"rendered":"Festivo acto de promoci\u00f3n de la Fundaci\u00f3n del Ni\u00f1o"},"content":{"rendered":"\n<p>Amanda Saldivia.-<\/p>\n\n\n\n<p>El mes de julio se ha caracterizado por la alegr\u00eda que se genera en torno a los actos de graduaci\u00f3n, que celebran las distintas instituciones educativas del municipio Monagas, Gu\u00e1rico, entre ellos la promoci\u00f3n de la Fundaci\u00f3n del Ni\u00f1o Pedro Zaraza, instituci\u00f3n que dirige la profesora Nathalie Polachini.<\/p>\n\n\n\n<p>En las instalaciones de la Casa Canaria de Altagracia de Orituco, se reunieron los padres y el personal para ofrecer un d\u00eda especial a los 90 ni\u00f1os que fueron promovidos, quienes recibieron su diploma, as\u00ed como tambi\u00e9n disfrutaron de la celebraci\u00f3n con actividades recreativas.<\/p>\n\n\n\n<p>La profesora Nathalie Polachini, en declaraciones ofrecidas a la Web de Altagracia, dijo que la promoci\u00f3n fue en homenaje a los padres, representantes y al personal de la Fundaci\u00f3n, porque a pesar de las limitaciones de la planta f\u00edsica \u201clos ni\u00f1os salieron preparados, tenemos unos docentes y unos padres extraordinarios\u201d. As\u00ed mismo agradeci\u00f3 a las madrinas, entre ellas a la doctora Teresa de C\u00e1ceres.<\/p>\n\n\n\n<p>@amandasaldivia     <\/p>\n\n\n\n<p><\/p>\n","protected":false},"excerpt":{"rendered":"<p>Amanda Saldivia.- El mes de julio se ha caracterizado por la alegr\u00eda que se genera en torno a los actos de graduaci\u00f3n, que celebran las distintas instituciones educativas del municipio Monagas, Gu\u00e1rico, entre ellos la promoci\u00f3n de la Fundaci\u00f3n del Ni\u00f1o Pedro Zaraza, instituci\u00f3n que dirige la profesora Nathalie Polachini.<\/p>\n","protected":false},"author":2,"featured_media":5173,"comment_status":"open","ping_status":"open","sticky":false,"template":"","format":"standard","meta":{"advanced_seo_description":"","jetpack_seo_html_title":"","jetpack_seo_noindex":false,"_jetpack_memberships_contains_paid_content":false,"footnotes":"","jetpack_publicize_message":"","jetpack_publicize_feature_enabled":true,"jetpack_social_post_already_shared":true,"jetpack_social_options":{"image_generator_settings":{"template":"highway","enabled":false},"version":2}},"categories":[151],"tags":[8,7,32],"class_list":["post-5172","post","type-post","status-publish","format-standard","has-post-thumbnail","hentry","category-educacion","tag-altagraciadeorituco","tag-guarico","tag-webdealta",""],"jetpack_publicize_connections":[],"jetpack_featured_media_url":"https:\/\/webdealta.info\/wp-content\/uploads\/2022\/07\/fundacion-del-nino-webdealta-2022.png","jetpack_sharing_enabled":true,"jetpack_likes_enabled":true,"jetpack-related-posts":[],"jetpack_shortlink":"https:\/\/wp.me\/pcseDn-1lq","_links":{"self":[{"href":"https:\/\/webdealta.info\/index.php?rest_route=\/wp\/v2\/posts\/5172","targetHints":{"allow":["GET"]}}],"collection":[{"href":"https:\/\/webdealta.info\/index.php?rest_route=\/wp\/v2\/posts"}],"about":[{"href":"https:\/\/webdealta.info\/index.php?rest_route=\/wp\/v2\/types\/post"}],"author":[{"embeddable":true,"href":"https:\/\/webdealta.info\/index.php?rest_route=\/wp\/v2\/users\/2"}],"replies":[{"embeddable":true,"href":"https:\/\/webdealta.info\/index.php?rest_route=%2Fwp%2Fv2%2Fcomments&post=5172"}],"version-history":[{"count":1,"href":"https:\/\/webdealta.info\/index.php?rest_route=\/wp\/v2\/posts\/5172\/revisions"}],"predecessor-version":[{"id":5174,"href":"https:\/\/webdealta.info\/index.php?rest_route=\/wp\/v2\/posts\/5172\/revisions\/5174"}],"wp:featuredmedia":[{"embeddable":true,"href":"https:\/\/webdealta.info\/index.php?rest_route=\/wp\/v2\/media\/5173"}],"wp:attachment":[{"href":"https:\/\/webdealta.info\/index.php?rest_route=%2Fwp%2Fv2%2Fmedia&parent=5172"}],"wp:term":[{"taxonomy":"category","embeddable":true,"href":"https:\/\/webdealta.info\/index.php?rest_route=%2Fwp%2Fv2%2Fcategories&post=5172"},{"taxonomy":"post_tag","embeddable":true,"href":"https:\/\/webdealta.info\/index.php?rest_route=%2Fwp%2Fv2%2Ftags&post=5172"}],"curies":[{"name":"wp","href":"https:\/\/api.w.org\/{rel}","templated":true}]}}