{"id":5162,"date":"2022-07-24T19:17:01","date_gmt":"2022-07-24T23:17:01","guid":{"rendered":"https:\/\/webdealta.info\/?p=5162"},"modified":"2022-07-24T19:35:50","modified_gmt":"2022-07-24T23:35:50","slug":"honores-al-libertador-simon-bolivar-a-239-anos-del-natalicio","status":"publish","type":"post","link":"https:\/\/webdealta.info\/?p=5162","title":{"rendered":"Honores al Libertador Sim\u00f3n Bol\u00edvar a 239 a\u00f1os del natalicio"},"content":{"rendered":"\n<p>\u00abBol\u00edvar es considerado por sus acciones e ideas el Hombre de Am\u00e9rica y una figura de la historia universal, dej\u00f3 un legado pol\u00edtico en los pa\u00edses latinoamericanos\u00bb, fueron parte de las palabras del licenciado Luis del Corral, director general de la alcald\u00eda del municipio Monagas, al encabezar los actos con motivo del natalicio el Libertador Sim\u00f3n Bol\u00edvar.<\/p>\n\n\n\n<p>En el acto celebrado este 24 de julio, en la plaza Bol\u00edvar de Altagracia de Orituco, estuvieron presentes autoridades civiles y militares asentadas en el municipio Jos\u00e9 Tadeo Monagas, a los fines de rendir honores al Libertador al cumplirse 239 a\u00f1os de su natalicio.<\/p>\n\n\n\n<p>Entre los presentes, destac\u00f3 el mayor Wilmfrank Domingo Tayupe Gonz\u00e1lez, Comandante del 296 Grupo de Artiller\u00eda de Defensa \u00c1rea \u00abTeniente Coronel Rupert Hand\u00bb, as\u00ed como tambi\u00e9n los comandante del resto de los componentes militares de la zona.<\/p>\n\n\n\n<p>Sim\u00f3n Bol\u00edvar naci\u00f3 en Caracas el 24 de julio de 1783, hijo de Don Juan Vicente Bol\u00edvar y Do\u00f1a Mar\u00eda de la Concepci\u00f3n Palacios y Blanco. En una de sus frases destaca la importancia de la patria, dice as\u00ed \u201cPrimero el suelo nativo que nada. Nuestra vida no es otra cosa que la herencia de nuestro pa\u00eds\u201d.<\/p>\n\n\n\n<p>Fotos cortes\u00eda Alcald\u00eda del municipio Monagas  <\/p>\n\n\n\n<p><\/p>\n","protected":false},"excerpt":{"rendered":"<p>\u00abBol\u00edvar es considerado por sus acciones e ideas el Hombre de Am\u00e9rica y una figura de la historia universal, dej\u00f3 un legado pol\u00edtico en los pa\u00edses latinoamericanos\u00bb, fueron parte de las palabras del licenciado Luis del Corral, director general de la alcald\u00eda del municipio Monagas, al encabezar los actos con<\/p>\n","protected":false},"author":2,"featured_media":5163,"comment_status":"open","ping_status":"open","sticky":false,"template":"","format":"standard","meta":{"advanced_seo_description":"","jetpack_seo_html_title":"","jetpack_seo_noindex":false,"_jetpack_memberships_contains_paid_content":false,"footnotes":"","jetpack_publicize_message":"","jetpack_publicize_feature_enabled":true,"jetpack_social_post_already_shared":true,"jetpack_social_options":{"image_generator_settings":{"template":"highway","enabled":false},"version":2}},"categories":[323],"tags":[8,7,32],"class_list":["post-5162","post","type-post","status-publish","format-standard","has-post-thumbnail","hentry","category-efemerides","tag-altagraciadeorituco","tag-guarico","tag-webdealta",""],"jetpack_publicize_connections":[],"jetpack_featured_media_url":"https:\/\/webdealta.info\/wp-content\/uploads\/2022\/07\/webdealta-plaza-bolivar.jpg","jetpack_sharing_enabled":true,"jetpack_likes_enabled":true,"jetpack-related-posts":[],"jetpack_shortlink":"https:\/\/wp.me\/pcseDn-1lg","_links":{"self":[{"href":"https:\/\/webdealta.info\/index.php?rest_route=\/wp\/v2\/posts\/5162","targetHints":{"allow":["GET"]}}],"collection":[{"href":"https:\/\/webdealta.info\/index.php?rest_route=\/wp\/v2\/posts"}],"about":[{"href":"https:\/\/webdealta.info\/index.php?rest_route=\/wp\/v2\/types\/post"}],"author":[{"embeddable":true,"href":"https:\/\/webdealta.info\/index.php?rest_route=\/wp\/v2\/users\/2"}],"replies":[{"embeddable":true,"href":"https:\/\/webdealta.info\/index.php?rest_route=%2Fwp%2Fv2%2Fcomments&post=5162"}],"version-history":[{"count":2,"href":"https:\/\/webdealta.info\/index.php?rest_route=\/wp\/v2\/posts\/5162\/revisions"}],"predecessor-version":[{"id":5166,"href":"https:\/\/webdealta.info\/index.php?rest_route=\/wp\/v2\/posts\/5162\/revisions\/5166"}],"wp:featuredmedia":[{"embeddable":true,"href":"https:\/\/webdealta.info\/index.php?rest_route=\/wp\/v2\/media\/5163"}],"wp:attachment":[{"href":"https:\/\/webdealta.info\/index.php?rest_route=%2Fwp%2Fv2%2Fmedia&parent=5162"}],"wp:term":[{"taxonomy":"category","embeddable":true,"href":"https:\/\/webdealta.info\/index.php?rest_route=%2Fwp%2Fv2%2Fcategories&post=5162"},{"taxonomy":"post_tag","embeddable":true,"href":"https:\/\/webdealta.info\/index.php?rest_route=%2Fwp%2Fv2%2Ftags&post=5162"}],"curies":[{"name":"wp","href":"https:\/\/api.w.org\/{rel}","templated":true}]}}