{"id":5150,"date":"2022-07-21T22:40:37","date_gmt":"2022-07-22T02:40:37","guid":{"rendered":"https:\/\/webdealta.info\/?p=5150"},"modified":"2022-07-22T07:14:44","modified_gmt":"2022-07-22T11:14:44","slug":"inameh-instala-estacion-meteorologica-en-altagracia","status":"publish","type":"post","link":"https:\/\/webdealta.info\/?p=5150","title":{"rendered":"INAMEH instala estaci\u00f3n meteorol\u00f3gica en Altagracia"},"content":{"rendered":"\n<p>Amanda Saldivia.-<\/p>\n\n\n\n<p>Desde el pasado mi\u00e9rcoles, el coronel Arnaldo Lugo, jefe de Redes del Inameh, encabeza el equipo t\u00e9cnico que lleva adelante la instalaci\u00f3n de una estaci\u00f3n meteorol\u00f3gica, en la sede de la asociaci\u00f3n de productores Apasygua, ubicada en Altagracia de Orituco, estado Gu\u00e1rico, en virtud de la importancia que tiene para el sector agr\u00edcola y pecuario, as\u00ed como tambi\u00e9n para los cuerpos de prevenci\u00f3n de desastres.<\/p>\n\n\n\n<p>En declaraciones a la Web de Altagracia, William Fourneau, radioaficionado que pertenece al Radio Club Venezolano, dijo que la solicitud la realiz\u00f3 directamente al coronel Jos\u00e9 Pereira, presidente del Inameh, a mediados de 2021, por la importancia de que los productores dispongan de \u201cdatos que los ayuden a optimizar los cultivos, aminorando las p\u00e9rdidas por condiciones clim\u00e1ticas adversas\u201d.<\/p>\n\n\n\n<p>Igualmente, se\u00f1al\u00f3 lo vital que es disponer de datos locales para los cuerpos de prevenci\u00f3n de desastres, tales como Protecci\u00f3n Civil y Bomberos, ya que \u201cpodr\u00edan manejar alertas tempranas, debido a las condiciones meteorol\u00f3gicas adversas que pudieran ocasionar desastres naturales\u201d.<\/p>\n\n\n\n<p>Dej\u00f3 claro, que la solicitud se hizo inicialmente por medio del Radio Club Venezolano, instituci\u00f3n que agrupa a los radioaficionados del pa\u00eds, porque de acuerdo a disposiciones de Ley, ellos pertenecen a la Red de Emergencia Nacional, como apoyo a los cuerpos de prevenci\u00f3n y atenci\u00f3n de desastres.<\/p>\n\n\n\n<p>Al preguntarle la raz\u00f3n por la cual se escogi\u00f3 la sede de Apasygua, Fourneau precis\u00f3 que una vez dadas las primeras conversaciones con el presidente del Inameh, \u00e9ste deleg\u00f3 los siguientes pasos en Julio Cabanerit, vicepresidente de esa instituci\u00f3n y se consider\u00f3 conveniente involucrar a otros actores importantes, uno de ellos Juan Hern\u00e1ndez, presidente de esa asociaci\u00f3n de productores.<\/p>\n\n\n\n<p>En este orden de ideas, agreg\u00f3 que la mayor\u00eda de los agremiados a Apasygua manejan datos pluviom\u00e9tricos en sus unidades de producci\u00f3n, adem\u00e1s que la instalaci\u00f3n de esos equipos all\u00ed permitir\u00eda resguardarlos, un aspecto a considerar si se toma en consideraci\u00f3n que otras estaciones en la zona han sido vandalizadas.<\/p>\n\n\n\n<p>Asimismo, Fourneau mencion\u00f3 importante la incorporaci\u00f3n de Javier \u00c1lvarez, t\u00e9cnico en Hidrometeorolog\u00eda, jubilado del Ministerio del Ambiente local y actual responsable del manejo del embalse Guanapito e igualmente notificar de la solicitud ya hecha, al coronel Crist\u00f3bal Hern\u00e1ndez, quien este a\u00f1o fue designado como representante del Inameh en la zona y fue pieza clave para continuar las gestiones en pro de concretar la instalaci\u00f3n de la estaci\u00f3n meteorol\u00f3gica.<\/p>\n\n\n\n<p>Se espera que este viernes 22 de julio la estaci\u00f3n entre en funcionamiento, para disponer de datos tales como velocidad y direcci\u00f3n del viento, temperatura, humedad, precipitaciones, radiaci\u00f3n solar, todo gracias a la buena disposici\u00f3n del presidente del Inameh, coronel Jos\u00e9 Pereira, el vicepresidente Julio Cabanerit, al coronel Crist\u00f3bal Hern\u00e1ndez, as\u00ed como tambi\u00e9n al coronel Arnaldo Lugo, al coronel Lois Ram\u00edrez, el ingeniero Daniel Villasana y el t\u00e9cnico Carlos Sierra, adem\u00e1s de Javier \u00c1lvarez, el apoyo log\u00edstico de Apasygua y la colaboraci\u00f3n de la alcald\u00eda del municipio Monagas, se\u00f1al\u00f3 William Fourneau para finalizar.<\/p>\n\n\n\n<p>@amandasaldivia  <\/p>\n\n\n\n<p><\/p>\n","protected":false},"excerpt":{"rendered":"<p>Amanda Saldivia.- Desde el pasado mi\u00e9rcoles, el coronel Arnaldo Lugo, jefe de Redes del Inameh, encabeza el equipo t\u00e9cnico que lleva adelante la instalaci\u00f3n de una estaci\u00f3n meteorol\u00f3gica, en la sede de la asociaci\u00f3n de productores Apasygua, ubicada en Altagracia de Orituco, estado Gu\u00e1rico, en virtud de la importancia que<\/p>\n","protected":false},"author":2,"featured_media":5151,"comment_status":"open","ping_status":"open","sticky":false,"template":"","format":"standard","meta":{"advanced_seo_description":"","jetpack_seo_html_title":"","jetpack_seo_noindex":false,"_jetpack_memberships_contains_paid_content":false,"footnotes":"","jetpack_publicize_message":"","jetpack_publicize_feature_enabled":true,"jetpack_social_post_already_shared":true,"jetpack_social_options":{"image_generator_settings":{"template":"highway","enabled":false},"version":2}},"categories":[135],"tags":[8,7,32],"class_list":["post-5150","post","type-post","status-publish","format-standard","has-post-thumbnail","hentry","category-prevencion","tag-altagraciadeorituco","tag-guarico","tag-webdealta",""],"jetpack_publicize_connections":[],"jetpack_featured_media_url":"https:\/\/webdealta.info\/wp-content\/uploads\/2022\/07\/inameh-altagracia-webdealta.png","jetpack_sharing_enabled":true,"jetpack_likes_enabled":true,"jetpack-related-posts":[],"jetpack_shortlink":"https:\/\/wp.me\/pcseDn-1l4","_links":{"self":[{"href":"https:\/\/webdealta.info\/index.php?rest_route=\/wp\/v2\/posts\/5150","targetHints":{"allow":["GET"]}}],"collection":[{"href":"https:\/\/webdealta.info\/index.php?rest_route=\/wp\/v2\/posts"}],"about":[{"href":"https:\/\/webdealta.info\/index.php?rest_route=\/wp\/v2\/types\/post"}],"author":[{"embeddable":true,"href":"https:\/\/webdealta.info\/index.php?rest_route=\/wp\/v2\/users\/2"}],"replies":[{"embeddable":true,"href":"https:\/\/webdealta.info\/index.php?rest_route=%2Fwp%2Fv2%2Fcomments&post=5150"}],"version-history":[{"count":2,"href":"https:\/\/webdealta.info\/index.php?rest_route=\/wp\/v2\/posts\/5150\/revisions"}],"predecessor-version":[{"id":5153,"href":"https:\/\/webdealta.info\/index.php?rest_route=\/wp\/v2\/posts\/5150\/revisions\/5153"}],"wp:featuredmedia":[{"embeddable":true,"href":"https:\/\/webdealta.info\/index.php?rest_route=\/wp\/v2\/media\/5151"}],"wp:attachment":[{"href":"https:\/\/webdealta.info\/index.php?rest_route=%2Fwp%2Fv2%2Fmedia&parent=5150"}],"wp:term":[{"taxonomy":"category","embeddable":true,"href":"https:\/\/webdealta.info\/index.php?rest_route=%2Fwp%2Fv2%2Fcategories&post=5150"},{"taxonomy":"post_tag","embeddable":true,"href":"https:\/\/webdealta.info\/index.php?rest_route=%2Fwp%2Fv2%2Ftags&post=5150"}],"curies":[{"name":"wp","href":"https:\/\/api.w.org\/{rel}","templated":true}]}}