{"id":5122,"date":"2022-07-18T20:55:12","date_gmt":"2022-07-19T00:55:12","guid":{"rendered":"https:\/\/webdealta.info\/?p=5122"},"modified":"2022-07-18T20:55:13","modified_gmt":"2022-07-19T00:55:13","slug":"guardia-nacional-agasajo-a-ninos-del-iee-altagracia","status":"publish","type":"post","link":"https:\/\/webdealta.info\/?p=5122","title":{"rendered":"Guardia Nacional agasaj\u00f3 a ni\u00f1os del IEE Altagracia"},"content":{"rendered":"\n<p>Amanda Saldivia.-<\/p>\n\n\n\n<p>El Instituto de Educaci\u00f3n Especial Altagracia recibi\u00f3 una vez m\u00e1s a funcionarios de la Guardia Nacional Bolivariana, quienes organizaron un evento dirigido a celebrar el D\u00eda del Ni\u00f1o, el cual incluy\u00f3 refrigerios, brinca brinca y regalos.<\/p>\n\n\n\n<p>La jornada fue liderada por el mayor Aular Gonz\u00e1lez, comandante del destacamento n\u00famero 34 de la Guardia Rural y del capit\u00e1n Jackson C\u00e1cerez, comandante de la 5ta. Compa\u00f1\u00eda de Altagracia de Orituco, ambos con la misi\u00f3n de brindar un d\u00eda especial a los ni\u00f1os de esa instituci\u00f3n educativa.<\/p>\n\n\n\n<p>Es importante se\u00f1alar, que la Guardia Nacional Bolivariana, como lo han expresado los comandantes del Puesto Rural y de la 5ta. Compa\u00f1\u00eda en otras oportunidades, busca la integraci\u00f3n de ese componente castrense con la comunidad del municipio Jos\u00e9 Tadeo Monagas, Gu\u00e1rico. De all\u00ed, que sean regulares las actividades que llevan adelante en esa instituci\u00f3n, que tienen una matr\u00edcula de m\u00e1s de 80 ni\u00f1os con condiciones especiales.<\/p>\n\n\n\n<p>@amandasaldivia    <\/p>\n\n\n\n<p><\/p>\n","protected":false},"excerpt":{"rendered":"<p>Amanda Saldivia.- El Instituto de Educaci\u00f3n Especial Altagracia recibi\u00f3 una vez m\u00e1s a funcionarios de la Guardia Nacional Bolivariana, quienes organizaron un evento dirigido a celebrar el D\u00eda del Ni\u00f1o, el cual incluy\u00f3 refrigerios, brinca brinca y regalos. La jornada fue liderada por el mayor Aular Gonz\u00e1lez, comandante del destacamento<\/p>\n","protected":false},"author":2,"featured_media":5123,"comment_status":"open","ping_status":"open","sticky":false,"template":"","format":"standard","meta":{"advanced_seo_description":"","jetpack_seo_html_title":"","jetpack_seo_noindex":false,"_jetpack_memberships_contains_paid_content":false,"footnotes":"","jetpack_publicize_message":"","jetpack_publicize_feature_enabled":true,"jetpack_social_post_already_shared":true,"jetpack_social_options":{"image_generator_settings":{"template":"highway","enabled":false},"version":2}},"categories":[117],"tags":[8,7,32],"class_list":["post-5122","post","type-post","status-publish","format-standard","has-post-thumbnail","hentry","category-celebracion","tag-altagraciadeorituco","tag-guarico","tag-webdealta",""],"jetpack_publicize_connections":[],"jetpack_featured_media_url":"https:\/\/webdealta.info\/wp-content\/uploads\/2022\/07\/dia-del-nino-escuela-gbb-webdealta.png","jetpack_sharing_enabled":true,"jetpack_likes_enabled":true,"jetpack-related-posts":[],"jetpack_shortlink":"https:\/\/wp.me\/pcseDn-1kC","_links":{"self":[{"href":"https:\/\/webdealta.info\/index.php?rest_route=\/wp\/v2\/posts\/5122","targetHints":{"allow":["GET"]}}],"collection":[{"href":"https:\/\/webdealta.info\/index.php?rest_route=\/wp\/v2\/posts"}],"about":[{"href":"https:\/\/webdealta.info\/index.php?rest_route=\/wp\/v2\/types\/post"}],"author":[{"embeddable":true,"href":"https:\/\/webdealta.info\/index.php?rest_route=\/wp\/v2\/users\/2"}],"replies":[{"embeddable":true,"href":"https:\/\/webdealta.info\/index.php?rest_route=%2Fwp%2Fv2%2Fcomments&post=5122"}],"version-history":[{"count":1,"href":"https:\/\/webdealta.info\/index.php?rest_route=\/wp\/v2\/posts\/5122\/revisions"}],"predecessor-version":[{"id":5124,"href":"https:\/\/webdealta.info\/index.php?rest_route=\/wp\/v2\/posts\/5122\/revisions\/5124"}],"wp:featuredmedia":[{"embeddable":true,"href":"https:\/\/webdealta.info\/index.php?rest_route=\/wp\/v2\/media\/5123"}],"wp:attachment":[{"href":"https:\/\/webdealta.info\/index.php?rest_route=%2Fwp%2Fv2%2Fmedia&parent=5122"}],"wp:term":[{"taxonomy":"category","embeddable":true,"href":"https:\/\/webdealta.info\/index.php?rest_route=%2Fwp%2Fv2%2Fcategories&post=5122"},{"taxonomy":"post_tag","embeddable":true,"href":"https:\/\/webdealta.info\/index.php?rest_route=%2Fwp%2Fv2%2Ftags&post=5122"}],"curies":[{"name":"wp","href":"https:\/\/api.w.org\/{rel}","templated":true}]}}