{"id":5118,"date":"2022-07-17T21:00:12","date_gmt":"2022-07-18T01:00:12","guid":{"rendered":"https:\/\/webdealta.info\/?p=5118"},"modified":"2022-07-17T21:00:14","modified_gmt":"2022-07-18T01:00:14","slug":"celebraron-el-dia-del-nino-en-escuela-de-guaiqueries","status":"publish","type":"post","link":"https:\/\/webdealta.info\/?p=5118","title":{"rendered":"Celebraron el D\u00eda del Ni\u00f1o en Escuela de Guaiquer\u00edes"},"content":{"rendered":"\n<p>La Escuela de Guaiquer\u00edes se visti\u00f3 de m\u00fasica y alegr\u00eda, gracias a la celebraci\u00f3n del D\u00eda del Ni\u00f1o organizada por la alcald\u00eda del municipio Monagas y la Fundaci\u00f3n del Ni\u00f1o, dirigida a los estudiantes de educaci\u00f3n inicial y primer grado.<\/p>\n\n\n\n<p>Esta fue una actividad dedicada a los ni\u00f1os entre 0 y 6 a\u00f1os, quienes pudieron disfrutar de actividades recreativas, brinca brinca, pinta caritas, refrigerios y regalos, con el objetivo de sacarles una sonrisa y honrarlos en su d\u00eda, contando con la colaboraci\u00f3n de Ferre Inversiones Aponte.<\/p>\n\n\n\n<p>La primera combatiente y presidenta de la Fundaci\u00f3n del Ni\u00f1o en el municipio Jos\u00e9 Tadeo Monagas, Dra. Elsy Rodr\u00edguez expres\u00f3 que \u00abes un placer para mi estar hoy compartiendo en esta actividad, celebrando con m\u00e1s de 300 ni\u00f1os de la Escuela B\u00e1sica Los Guaiquer\u00edes, gracias a nuestro gobernador Jos\u00e9 V\u00e1squez, a la Dra. Fabiola de C\u00f3rdoba, siguiendo los lineamientos de la direcci\u00f3n general de la fundaci\u00f3n y de nuestro alcalde Pedro Sol\u00f3rzano, quienes se han abocado para brindarles un d\u00eda diferente y llevar sonrisas a estos ni\u00f1os que son la felicidad y el futuro de la patria\u00bb.<\/p>\n\n\n\n<p>En este mismo sentido, Roxana Tejera, madre y maestra se\u00f1al\u00f3 que \u00abme siento muy orgullosa de esta actividad que se est\u00e1 realizando el d\u00eda de hoy con mucha alegr\u00eda y satisfacci\u00f3n, gracias a nuestro alcalde\u00bb.<\/p>\n\n\n\n<p>Prensa Alcald\u00eda del municipio Monagas  <\/p>\n\n\n\n<p><\/p>\n","protected":false},"excerpt":{"rendered":"<p>La Escuela de Guaiquer\u00edes se visti\u00f3 de m\u00fasica y alegr\u00eda, gracias a la celebraci\u00f3n del D\u00eda del Ni\u00f1o organizada por la alcald\u00eda del municipio Monagas y la Fundaci\u00f3n del Ni\u00f1o, dirigida a los estudiantes de educaci\u00f3n inicial y primer grado. Esta fue una actividad dedicada a los ni\u00f1os entre 0<\/p>\n","protected":false},"author":2,"featured_media":5119,"comment_status":"open","ping_status":"open","sticky":false,"template":"","format":"standard","meta":{"advanced_seo_description":"","jetpack_seo_html_title":"","jetpack_seo_noindex":false,"_jetpack_memberships_contains_paid_content":false,"footnotes":"","jetpack_publicize_message":"","jetpack_publicize_feature_enabled":true,"jetpack_social_post_already_shared":true,"jetpack_social_options":{"image_generator_settings":{"template":"highway","enabled":false},"version":2}},"categories":[117],"tags":[8],"class_list":["post-5118","post","type-post","status-publish","format-standard","has-post-thumbnail","hentry","category-celebracion","tag-altagraciadeorituco",""],"jetpack_publicize_connections":[],"jetpack_featured_media_url":"https:\/\/webdealta.info\/wp-content\/uploads\/2022\/07\/dia-del-nino-webdealta.png","jetpack_sharing_enabled":true,"jetpack_likes_enabled":true,"jetpack-related-posts":[],"jetpack_shortlink":"https:\/\/wp.me\/pcseDn-1ky","_links":{"self":[{"href":"https:\/\/webdealta.info\/index.php?rest_route=\/wp\/v2\/posts\/5118","targetHints":{"allow":["GET"]}}],"collection":[{"href":"https:\/\/webdealta.info\/index.php?rest_route=\/wp\/v2\/posts"}],"about":[{"href":"https:\/\/webdealta.info\/index.php?rest_route=\/wp\/v2\/types\/post"}],"author":[{"embeddable":true,"href":"https:\/\/webdealta.info\/index.php?rest_route=\/wp\/v2\/users\/2"}],"replies":[{"embeddable":true,"href":"https:\/\/webdealta.info\/index.php?rest_route=%2Fwp%2Fv2%2Fcomments&post=5118"}],"version-history":[{"count":1,"href":"https:\/\/webdealta.info\/index.php?rest_route=\/wp\/v2\/posts\/5118\/revisions"}],"predecessor-version":[{"id":5120,"href":"https:\/\/webdealta.info\/index.php?rest_route=\/wp\/v2\/posts\/5118\/revisions\/5120"}],"wp:featuredmedia":[{"embeddable":true,"href":"https:\/\/webdealta.info\/index.php?rest_route=\/wp\/v2\/media\/5119"}],"wp:attachment":[{"href":"https:\/\/webdealta.info\/index.php?rest_route=%2Fwp%2Fv2%2Fmedia&parent=5118"}],"wp:term":[{"taxonomy":"category","embeddable":true,"href":"https:\/\/webdealta.info\/index.php?rest_route=%2Fwp%2Fv2%2Fcategories&post=5118"},{"taxonomy":"post_tag","embeddable":true,"href":"https:\/\/webdealta.info\/index.php?rest_route=%2Fwp%2Fv2%2Ftags&post=5118"}],"curies":[{"name":"wp","href":"https:\/\/api.w.org\/{rel}","templated":true}]}}