{"id":5113,"date":"2022-07-15T21:10:47","date_gmt":"2022-07-16T01:10:47","guid":{"rendered":"https:\/\/webdealta.info\/?p=5113"},"modified":"2022-07-18T06:21:58","modified_gmt":"2022-07-18T10:21:58","slug":"el-20-de-julio-es-la-expo-el-sistema-2022-en-altagracia","status":"publish","type":"post","link":"https:\/\/webdealta.info\/?p=5113","title":{"rendered":"El 20 de julio es la Expo El Sistema\u00a02022 en Altagracia"},"content":{"rendered":"\n<p>Amanda Saldivia.-<\/p>\n\n\n\n<p>Con el nombre Expo El Sistema 2022, el Sistema de Orquestas y Coros Juveniles e Infantiles de Venezuela, presenta c\u00f3mo funciona esta instituci\u00f3n fundada hace 47 a\u00f1os, bajo la direcci\u00f3n del maestro Jos\u00e9 Antonio Abreu.<\/p>\n\n\n\n<p>La finalidad, de acuerdo a lo expresado por el profesor Adrian Jahen, coordinador de Redes y Medios del n\u00facleo del El Sistema en Altagracia de Orituco, es dar a conocer \u201ccada uno de los procesos administrativos, operativos, log\u00edsticos, acad\u00e9micos y art\u00edsticos que se realizan en cada sede existente del pa\u00eds\u201d.<\/p>\n\n\n\n<p>En el caso de Altagracia de Orituco, el profesor Jahen se\u00f1al\u00f3 que la Expo El Sistema 2022 ser\u00e1 el venidero mi\u00e9rcoles 20 de julio, a partir de las dos de la tarde, en la sede de esa instituci\u00f3n, ubicada en la calle Ilustres Pr\u00f3ceres, sector La Playera, fecha en la cual \u201ccontaremos un poco sobre la historia de nuestro n\u00facleo, el personal, los bienes patrimoniales con que contamos para desarrollar nuestras actividades, la cantidad de ni\u00f1os y j\u00f3venes atendidos.<\/p>\n\n\n\n<p>Igualmente, precis\u00f3 que el evento permitir\u00e1 captar nuevos estudiantes e incluso concretar la inscripci\u00f3n de quienes decidan unirse a El Sistema, adem\u00e1s de que ser\u00e1 una oportunidad para que la comunidad disfrute de la muestra art\u00edstica de cada uno de los programas que hacen vida en la orquesta.<\/p>\n\n\n\n<p>En referencia a las sedes actuales, dijo que \u201cson m\u00e1s de 400 n\u00facleos en todo el pa\u00eds, y en Altagracia de Orituco, hace poco m\u00e1s de 20 a\u00f1os, contamos con un n\u00facleo de orquestas adscrito a El Sistema, los cuales est\u00e1n en esta actividad promocional desde el pasado desde el pasado 11 y se prolongar\u00e1 hasta el 24 de julio\u201d.<\/p>\n\n\n\n<p>Para finalizar, reiter\u00f3 la invitaci\u00f3n a la comunidad, para que asista el pr\u00f3ximo 20 de julio a la Expo El Sistema 2022.<\/p>\n\n\n\n<p>@amandasaldivia   <\/p>\n\n\n\n<p><\/p>\n","protected":false},"excerpt":{"rendered":"<p>Amanda Saldivia.- Con el nombre Expo El Sistema 2022, el Sistema de Orquestas y Coros Juveniles e Infantiles de Venezuela, presenta c\u00f3mo funciona esta instituci\u00f3n fundada hace 47 a\u00f1os, bajo la direcci\u00f3n del maestro Jos\u00e9 Antonio Abreu. La finalidad, de acuerdo a lo expresado por el profesor Adrian Jahen, coordinador<\/p>\n","protected":false},"author":2,"featured_media":5114,"comment_status":"open","ping_status":"open","sticky":false,"template":"","format":"standard","meta":{"advanced_seo_description":"","jetpack_seo_html_title":"","jetpack_seo_noindex":false,"_jetpack_memberships_contains_paid_content":false,"footnotes":"","jetpack_publicize_message":"","jetpack_publicize_feature_enabled":true,"jetpack_social_post_already_shared":true,"jetpack_social_options":{"image_generator_settings":{"template":"highway","enabled":false},"version":2}},"categories":[117],"tags":[8,7,32],"class_list":["post-5113","post","type-post","status-publish","format-standard","has-post-thumbnail","hentry","category-celebracion","tag-altagraciadeorituco","tag-guarico","tag-webdealta",""],"jetpack_publicize_connections":[],"jetpack_featured_media_url":"https:\/\/webdealta.info\/wp-content\/uploads\/2022\/07\/el-sistema-webdealta.png","jetpack_sharing_enabled":true,"jetpack_likes_enabled":true,"jetpack-related-posts":[],"jetpack_shortlink":"https:\/\/wp.me\/pcseDn-1kt","_links":{"self":[{"href":"https:\/\/webdealta.info\/index.php?rest_route=\/wp\/v2\/posts\/5113","targetHints":{"allow":["GET"]}}],"collection":[{"href":"https:\/\/webdealta.info\/index.php?rest_route=\/wp\/v2\/posts"}],"about":[{"href":"https:\/\/webdealta.info\/index.php?rest_route=\/wp\/v2\/types\/post"}],"author":[{"embeddable":true,"href":"https:\/\/webdealta.info\/index.php?rest_route=\/wp\/v2\/users\/2"}],"replies":[{"embeddable":true,"href":"https:\/\/webdealta.info\/index.php?rest_route=%2Fwp%2Fv2%2Fcomments&post=5113"}],"version-history":[{"count":2,"href":"https:\/\/webdealta.info\/index.php?rest_route=\/wp\/v2\/posts\/5113\/revisions"}],"predecessor-version":[{"id":5121,"href":"https:\/\/webdealta.info\/index.php?rest_route=\/wp\/v2\/posts\/5113\/revisions\/5121"}],"wp:featuredmedia":[{"embeddable":true,"href":"https:\/\/webdealta.info\/index.php?rest_route=\/wp\/v2\/media\/5114"}],"wp:attachment":[{"href":"https:\/\/webdealta.info\/index.php?rest_route=%2Fwp%2Fv2%2Fmedia&parent=5113"}],"wp:term":[{"taxonomy":"category","embeddable":true,"href":"https:\/\/webdealta.info\/index.php?rest_route=%2Fwp%2Fv2%2Fcategories&post=5113"},{"taxonomy":"post_tag","embeddable":true,"href":"https:\/\/webdealta.info\/index.php?rest_route=%2Fwp%2Fv2%2Ftags&post=5113"}],"curies":[{"name":"wp","href":"https:\/\/api.w.org\/{rel}","templated":true}]}}