{"id":5105,"date":"2022-07-14T21:27:56","date_gmt":"2022-07-15T01:27:56","guid":{"rendered":"https:\/\/webdealta.info\/?p=5105"},"modified":"2022-07-14T21:30:11","modified_gmt":"2022-07-15T01:30:11","slug":"celebraron-los-15-anos-del-tel-san-miguel-arcangel","status":"publish","type":"post","link":"https:\/\/webdealta.info\/?p=5105","title":{"rendered":"Celebraron los 15 a\u00f1os del TEL San Miguel Arc\u00e1ngel"},"content":{"rendered":"\n<p>Amanda Saldivia.-<\/p>\n\n\n\n<p>Hace 15 a\u00f1os se fund\u00f3 el Taller de Educaci\u00f3n Laboral San Miguel Arc\u00e1ngel en Altagracia de Orituco y para celebrarlo el personal organiz\u00f3 una serie de actividades, entre las cuales destac\u00f3 presentaci\u00f3n de proyectos de cierre de a\u00f1o, bailoterapia y entrega de cotillones.<\/p>\n\n\n\n<p>El TEL San Miguel Arc\u00e1ngel fue iniciativa de las profesoras Rosa Duarte, Tamaiba Ortu\u00f1o y Esmeralda Belisario, quienes vieron la importancia de brindar continuidad de estudios a los ni\u00f1os que culminaban la formaci\u00f3n en el Instituto de Educaci\u00f3n Especial Altagracia (IEEA).<\/p>\n\n\n\n<p>Esta instituci\u00f3n, es una escuela especial de adolescentes, dirigida a formarse en cuatro talleres, ellos son manualidades, artesan\u00eda, comercio y medios alternativos, misi\u00f3n que ha venido desempe\u00f1ando desde el a\u00f1o 2007.<\/p>\n\n\n\n<p>Para la directora Nilda Duarte, es importante hacer un repaso por la fundaci\u00f3n del TEL, porque el empe\u00f1o de esas tres docentes fue determinante para que los adolescentes con condiciones puedan tener un espacio de formaci\u00f3n, en \u00e1reas que van desde manualidades hasta la siembra de huertos en la instituci\u00f3n, la cual funciona en la entrada de la urbanizaci\u00f3n El Diamante, sede que anteriormente fue de la casa sindical.<\/p>\n\n\n\n<p>En las declaraciones ofrecida en el marco de la semana aniversario, cont\u00f3 que la integraci\u00f3n con los padres ha sido estrecha, porque saben lo que representa para los j\u00f3venes aprender un oficio que pueden desarrollar en casa y hasta generar ingresos.<\/p>\n\n\n\n<p>En referencia a la matr\u00edcula, dijo que actualmente es de 70 estudiantes, cuyas edades oscilan entre los 15 y los 45 a\u00f1os, algunos de comunidades distantes como Lezama, cuyos padres saben la importancia que tiene la formaci\u00f3n que reciben en el taller laboral.  <\/p>\n\n\n\n<p>Igualmente aprovech\u00f3 la ocasi\u00f3n para agradecer la labor de quienes integran la instituci\u00f3n, un coordinador pedag\u00f3gico, una trabajadora social, ocho profesores, tres ambientalistas y una madre procesadora.<\/p>\n\n\n\n<p>@amandasaldivia   <\/p>\n\n\n\n<p><\/p>\n","protected":false},"excerpt":{"rendered":"<p>Amanda Saldivia.- Hace 15 a\u00f1os se fund\u00f3 el Taller de Educaci\u00f3n Laboral San Miguel Arc\u00e1ngel en Altagracia de Orituco y para celebrarlo el personal organiz\u00f3 una serie de actividades, entre las cuales destac\u00f3 presentaci\u00f3n de proyectos de cierre de a\u00f1o, bailoterapia y entrega de cotillones. El TEL San Miguel Arc\u00e1ngel<\/p>\n","protected":false},"author":2,"featured_media":5106,"comment_status":"open","ping_status":"open","sticky":false,"template":"","format":"standard","meta":{"advanced_seo_description":"","jetpack_seo_html_title":"","jetpack_seo_noindex":false,"_jetpack_memberships_contains_paid_content":false,"footnotes":"","jetpack_publicize_message":"","jetpack_publicize_feature_enabled":true,"jetpack_social_post_already_shared":true,"jetpack_social_options":{"image_generator_settings":{"template":"highway","enabled":false},"version":2}},"categories":[117],"tags":[8,7,32],"class_list":["post-5105","post","type-post","status-publish","format-standard","has-post-thumbnail","hentry","category-celebracion","tag-altagraciadeorituco","tag-guarico","tag-webdealta",""],"jetpack_publicize_connections":[],"jetpack_featured_media_url":"https:\/\/webdealta.info\/wp-content\/uploads\/2022\/07\/aniversario-del-tel-webdealta.png","jetpack_sharing_enabled":true,"jetpack_likes_enabled":true,"jetpack-related-posts":[],"jetpack_shortlink":"https:\/\/wp.me\/pcseDn-1kl","_links":{"self":[{"href":"https:\/\/webdealta.info\/index.php?rest_route=\/wp\/v2\/posts\/5105","targetHints":{"allow":["GET"]}}],"collection":[{"href":"https:\/\/webdealta.info\/index.php?rest_route=\/wp\/v2\/posts"}],"about":[{"href":"https:\/\/webdealta.info\/index.php?rest_route=\/wp\/v2\/types\/post"}],"author":[{"embeddable":true,"href":"https:\/\/webdealta.info\/index.php?rest_route=\/wp\/v2\/users\/2"}],"replies":[{"embeddable":true,"href":"https:\/\/webdealta.info\/index.php?rest_route=%2Fwp%2Fv2%2Fcomments&post=5105"}],"version-history":[{"count":1,"href":"https:\/\/webdealta.info\/index.php?rest_route=\/wp\/v2\/posts\/5105\/revisions"}],"predecessor-version":[{"id":5107,"href":"https:\/\/webdealta.info\/index.php?rest_route=\/wp\/v2\/posts\/5105\/revisions\/5107"}],"wp:featuredmedia":[{"embeddable":true,"href":"https:\/\/webdealta.info\/index.php?rest_route=\/wp\/v2\/media\/5106"}],"wp:attachment":[{"href":"https:\/\/webdealta.info\/index.php?rest_route=%2Fwp%2Fv2%2Fmedia&parent=5105"}],"wp:term":[{"taxonomy":"category","embeddable":true,"href":"https:\/\/webdealta.info\/index.php?rest_route=%2Fwp%2Fv2%2Fcategories&post=5105"},{"taxonomy":"post_tag","embeddable":true,"href":"https:\/\/webdealta.info\/index.php?rest_route=%2Fwp%2Fv2%2Ftags&post=5105"}],"curies":[{"name":"wp","href":"https:\/\/api.w.org\/{rel}","templated":true}]}}