{"id":5098,"date":"2022-07-13T21:39:59","date_gmt":"2022-07-14T01:39:59","guid":{"rendered":"https:\/\/webdealta.info\/?p=5098"},"modified":"2022-07-13T21:40:00","modified_gmt":"2022-07-14T01:40:00","slug":"padre-santiago-ante-la-realidad-esta-la-fuerza-transformadora-del-evangelio","status":"publish","type":"post","link":"https:\/\/webdealta.info\/?p=5098","title":{"rendered":"Padre Santiago: ante la realidad est\u00e1 la \u201cfuerza transformadora del evangelio\u201d"},"content":{"rendered":"\n<p>Amanda Saldivia.-<\/p>\n\n\n\n<p>El padre Santiago Le\u00f3n, gu\u00eda espiritual de la parroquia eclesi\u00e1stica Nuestra Se\u00f1ora de los Dolores, comparti\u00f3 la experiencia vivida en la II Asamblea Nacional de Pastoral, en la cual tuvo la responsabilidad de ser moderador, junto a la profesora Mariselis Ramos; adem\u00e1s de elaborar el guion metodol\u00f3gico para el desarrollo del encuentro, en equipo con la licenciada Carmen Amelia Reyes de la Di\u00f3cesis de Barcelona.<\/p>\n\n\n\n<p>A este evento nacional, celebrado el pasado fin de semana, estuvieron presentes las diversas delegaciones de las arquidi\u00f3cesis, di\u00f3cesis e instituciones eclesiales del pa\u00eds y la finalidad, de acuerdo a lo declarado por el padre Santiago, fue \u201cpara escucharnos, para dialogar, para discernir y sobre todo hacer un proceso de integraci\u00f3n que nos permita descubrir las intuiciones, las orientaciones, las l\u00edneas de acci\u00f3n que nuestra iglesia tiene que asumir en medio de estos cambios de \u00e9poca\u201d.<\/p>\n\n\n\n<p>Al contar la experiencia en la II Asamblea Nacional Pastoral, el padre Santiago se\u00f1al\u00f3 que la delegaci\u00f3n de la Di\u00f3cesis de Valle de la Pascua estuvo presidida por el Obispo Monse\u00f1or Ram\u00f3n Jos\u00e9 Aponte y el Vicario de Pastoral, el padre Jos\u00e9 Antonio Tolosa, encuentro que fue aprovechado para presentar los trabajos que realizan en las distintas parroquias de esta regi\u00f3n guarique\u00f1a.<\/p>\n\n\n\n<p>\u201cNuestra parroquia tiene que ser misionera en salida para estos nuevos tiempos, una parroquia dispuesta al dialogar, acogedora, una que sale al encuentro del otro, de manera especial del m\u00e1s necesitado, una parroquia que se compromete en la caridad a expresar la fe, una parroquia que pone en medio de las realidades la fuerza transformadora del evangelio\u201d, agreg\u00f3 el padre Santiago en declaraciones a la Web de Altagracia.<\/p>\n\n\n\n<p>Compartimos el documento que resume las l\u00edneas de acci\u00f3n acordadas:<\/p>\n\n\n\n<p>MENSAJE DE LA II ASAMBLEA NACIONAL DE PASTORAL<\/p>\n\n\n\n<p>1.- Nosotros, miembros de la II Asamblea Nacional de Pastoral, reunidos de modo virtual y presencial del 8 al 10 de julio de 2022 como Iglesia (obispos, presb\u00edteros, di\u00e1conos, miembros de la vida consagrada, laicas y laicos), que camina en comuni\u00f3n en Venezuela, convocados por Jes\u00fas, hemos querido escuchar la voz del Esp\u00edritu Santo, en el ejercicio de la escucha mutua, para so\u00f1ar la Parroquia que queremos, y discernir la voluntad de Dios, en comuni\u00f3n con el Magisterio del Papa Francisco.<\/p>\n\n\n\n<p>2.- Hemos podido constatar que desde hace mucho tiempo caminamos juntos, en sinodalidad, pr\u00e1ctica impulsada con el Concilio Plenario de Venezuela; el camino preparatorio de esta asamblea, nos ha conducido por distintas etapas que nos invitaron a escuchar, dialogar, discernir y fructificar, ahora seguimos caminando con el compromiso de hacer realidad las mociones que el Esp\u00edritu Santo nos ha dado.<\/p>\n\n\n\n<p>3.- Es necesario seguir atendiendo el llamado de Jes\u00fas a la conversi\u00f3n, que entre nosotros debe tocar lo personal, lo eclesial, lo pastoral, y lo social. La conversi\u00f3n dinamizar\u00e1 nuestros procesos de evangelizaci\u00f3n como Iglesia y har\u00e1 que nuestras Parroquias, rostro m\u00e1s cercano y concreto de la Iglesia, sean aut\u00e9nticamente misioneras y en salida para los nuevos tiempos.<\/p>\n\n\n\n<p>4.- Como Pueblo de Dios que peregrina en Venezuela vivimos y compartimos los gozos y esperanzas, las angustias y tristezas de cada uno de los hombres y mujeres de nuestras comunidades. Vemos con preocupaci\u00f3n el dolor y el sufrimiento de nuestro pueblo. Estamos convencidos que podemos tener una mejor Venezuela, m\u00e1s fraterna, m\u00e1s humana, donde haya justicia y paz. Por ello, desde cada una desde nuestras Parroquias queremos ser constructores de un pa\u00eds, con un tejido social m\u00e1s justo y fraterno, queremos asumir el llamado a ser testigos del amor y la ternura de Dios y avivar la esperanza desde la opci\u00f3n misionera.<\/p>\n\n\n\n<p>5.- Por ello la Parroquia, en donde peregrina una porci\u00f3n del Pueblo de Dios, est\u00e1 llamada a la conversi\u00f3n pastoral, responder con creatividad, bajo la gu\u00eda del Esp\u00edritu Santo, a los desaf\u00edos del tiempo actual, ser comunidades fraternas, donde todos se sientan amados y acogidos y salgan a las periferias humanas y existenciales a anunciar a Jesucristo Resucitado, celebrando la fe y viviendo la caridad.<\/p>\n\n\n\n<p>6.- La Iglesia es sinodal, y debe estar siempre en salida, de modo que todos nos sintamos involucrados en la misi\u00f3n que el Se\u00f1or Jes\u00fas nos ha confiado, para llevar adelante, con decisi\u00f3n y valent\u00eda, nuestros compromisos bautismales. Renovemos nuestras estructuras pastorales, cambiemos aquellas que se han hecho caducas, \u201crememos mar adentro\u201d, en las aguas profundas de estos nuevos tiempos, pero con un nuevo ardor, expresiones y m\u00e9todos pastorales.<\/p>\n\n\n\n<p>7.- La Parroquia que so\u00f1amos est\u00e1 llamada a evangelizar y ser evangelizada, a ser comunidad de comunidades sostenida por la espiritualidad de comuni\u00f3n, a celebrar los misterios de la fe como fuente de comuni\u00f3n y misi\u00f3n, solidaria y comprometida con todos, especialmente con los m\u00e1s necesitados, realizando obras de caridad, atendiendo a los cambios culturales, animando la promoci\u00f3n humana y el desarrollo integral, incidiendo en la transformaci\u00f3n de las estructuras excluyentes y depredadoras de la Casa Com\u00fan.<\/p>\n\n\n\n<p>8.- Es urgente asumir como compromiso que en todas nuestras Parroquias se constituyan los Consejos Pastorales y Econ\u00f3micos, como estructuras que dinamizan la acci\u00f3n evangelizadora, siempre en apertura al Esp\u00edritu Santo que ir\u00e1 inspirando nuevas estructuras que impulsen la sinodalidad y misi\u00f3n, as\u00ed como nuevos ministerios orientados a la evangelizaci\u00f3n y no solo a lo lit\u00fargico sacramental. As\u00ed mismo asumimos el compromiso de que nuestras Parroquias sean entornos seguros, donde se salvaguarde y proteja a las personas vulnerables, desde una consecuente cultura del buen trato.<\/p>\n\n\n\n<p>9.- La Parroquia que es casa y escuela de comuni\u00f3n, tambi\u00e9n es espacio privilegiado para la reconstrucci\u00f3n del Pacto Educativo Global, porque comprendiendo su dimensi\u00f3n profundamente educadora, reconoce en su acci\u00f3n evangelizadora y pastoral la misi\u00f3n de reconstruir el tejido social desde la educaci\u00f3n.<\/p>\n\n\n\n<p>10.- Todo el Pueblo de Dios es sujeto de la misi\u00f3n, entre los cuales los laicos tienen una gran responsabilidad desde su inserci\u00f3n en las realidades temporales, privilegiando la acci\u00f3n pol\u00edtica, econ\u00f3mica, cient\u00edfica, siendo fermento del Evangelio en ellas.<\/p>\n\n\n\n<p>11.- \u00a1Vayamos al encuentro del hermano! caminemos juntos en la escucha, en el di\u00e1logo, en el discernimiento, en la misi\u00f3n, creando una nueva cultura del consenso, donde todos est\u00e9n involucrados como Iglesia Pueblo de Dios.<\/p>\n\n\n\n<p>12.- Vivamos con los dem\u00e1s, oremos con los dem\u00e1s, obremos con los dem\u00e1s, con todos, buscando el bien com\u00fan, la fraternidad de los hijos e hijas de Dios y la amistad social, siempre con criterios de Evangelio.<\/p>\n\n\n\n<p>13.- Si as\u00ed lo hacemos, podremos decir que el ejercicio asiduo de la sinodalidad es un gran aporte de los cristianos cat\u00f3licos a la vida civil y p\u00fablica. En nuestro contexto global, donde todo est\u00e1 conectado, la pol\u00edtica sufre un gran desprestigio, la sinodalidad, es un est\u00edmulo m\u00e1s para fortalecer el compromiso con la gestaci\u00f3n de una nueva sociedad, con base en los principios de la Doctrina Social de la Iglesia.<\/p>\n\n\n\n<p>14.- El Dios de la Vida, manifestado en Jes\u00fas, con la fuerza del Esp\u00edritu, nos conceda estar en permanente conversi\u00f3n para realizar los sue\u00f1os que hemos discernido en nuestra Asamblea. Nos impulse a salir al encuentro de los hombres y mujeres de nuestras comunidades, comunic\u00e1ndoles con el testimonio de nuestra vida la alegr\u00eda del Evangelio.<\/p>\n\n\n\n<p>15.- Que Mar\u00eda de Coromoto siga caminado con nosotros, pueblo de Venezuela, como lo ha hecho desde los inicios de la evangelizaci\u00f3n, y nos anime siempre al encuentro profundo, personal y comunitario con Jes\u00fas.<\/p>\n\n\n\n<p>16.- Por ello, vayamos y hagamos de todos disc\u00edpulos de Jesucristo (Cf. Mateo 28,19)<\/p>\n\n\n\n<p>Caracas, 10 de julio de 2022   <\/p>\n\n\n\n<p><\/p>\n\n\n\n<p><\/p>\n","protected":false},"excerpt":{"rendered":"<p>Amanda Saldivia.- El padre Santiago Le\u00f3n, gu\u00eda espiritual de la parroquia eclesi\u00e1stica Nuestra Se\u00f1ora de los Dolores, comparti\u00f3 la experiencia vivida en la II Asamblea Nacional de Pastoral, en la cual tuvo la responsabilidad de ser moderador, junto a la profesora Mariselis Ramos; adem\u00e1s de elaborar el guion metodol\u00f3gico para<\/p>\n","protected":false},"author":2,"featured_media":5099,"comment_status":"open","ping_status":"open","sticky":false,"template":"","format":"standard","meta":{"advanced_seo_description":"","jetpack_seo_html_title":"","jetpack_seo_noindex":false,"_jetpack_memberships_contains_paid_content":false,"footnotes":"","jetpack_publicize_message":"","jetpack_publicize_feature_enabled":true,"jetpack_social_post_already_shared":true,"jetpack_social_options":{"image_generator_settings":{"template":"highway","enabled":false},"version":2}},"categories":[42],"tags":[8,7,32],"class_list":["post-5098","post","type-post","status-publish","format-standard","has-post-thumbnail","hentry","category-iglesia-catolica","tag-altagraciadeorituco","tag-guarico","tag-webdealta",""],"jetpack_publicize_connections":[],"jetpack_featured_media_url":"https:\/\/webdealta.info\/wp-content\/uploads\/2022\/07\/CEV-webdealta-padre-Santiago.png","jetpack_sharing_enabled":true,"jetpack_likes_enabled":true,"jetpack-related-posts":[],"jetpack_shortlink":"https:\/\/wp.me\/pcseDn-1ke","_links":{"self":[{"href":"https:\/\/webdealta.info\/index.php?rest_route=\/wp\/v2\/posts\/5098","targetHints":{"allow":["GET"]}}],"collection":[{"href":"https:\/\/webdealta.info\/index.php?rest_route=\/wp\/v2\/posts"}],"about":[{"href":"https:\/\/webdealta.info\/index.php?rest_route=\/wp\/v2\/types\/post"}],"author":[{"embeddable":true,"href":"https:\/\/webdealta.info\/index.php?rest_route=\/wp\/v2\/users\/2"}],"replies":[{"embeddable":true,"href":"https:\/\/webdealta.info\/index.php?rest_route=%2Fwp%2Fv2%2Fcomments&post=5098"}],"version-history":[{"count":1,"href":"https:\/\/webdealta.info\/index.php?rest_route=\/wp\/v2\/posts\/5098\/revisions"}],"predecessor-version":[{"id":5100,"href":"https:\/\/webdealta.info\/index.php?rest_route=\/wp\/v2\/posts\/5098\/revisions\/5100"}],"wp:featuredmedia":[{"embeddable":true,"href":"https:\/\/webdealta.info\/index.php?rest_route=\/wp\/v2\/media\/5099"}],"wp:attachment":[{"href":"https:\/\/webdealta.info\/index.php?rest_route=%2Fwp%2Fv2%2Fmedia&parent=5098"}],"wp:term":[{"taxonomy":"category","embeddable":true,"href":"https:\/\/webdealta.info\/index.php?rest_route=%2Fwp%2Fv2%2Fcategories&post=5098"},{"taxonomy":"post_tag","embeddable":true,"href":"https:\/\/webdealta.info\/index.php?rest_route=%2Fwp%2Fv2%2Ftags&post=5098"}],"curies":[{"name":"wp","href":"https:\/\/api.w.org\/{rel}","templated":true}]}}