{"id":5095,"date":"2022-07-12T20:56:31","date_gmt":"2022-07-13T00:56:31","guid":{"rendered":"https:\/\/webdealta.info\/?p=5095"},"modified":"2022-07-12T20:56:33","modified_gmt":"2022-07-13T00:56:33","slug":"en-altagracia-aplicaran-cuarta-dosis-contra-la-covid-19","status":"publish","type":"post","link":"https:\/\/webdealta.info\/?p=5095","title":{"rendered":"En Altagracia aplicar\u00e1n cuarta dosis contra la covid-19"},"content":{"rendered":"\n<p>Amanda Saldivia.-<\/p>\n\n\n\n<p>En la plaza Bol\u00edvar de Altagracia de Orituco estar\u00e1 desplegado el equipo de salud, este mi\u00e9rcoles 13 de julio, a los fines de iniciar la jornada de aplicaci\u00f3n de la cuarta dosis de la covid-19, para aquellas personas que tengan un lapso de cuatro meses o m\u00e1s de haber recibido la tercera.<\/p>\n\n\n\n<p>Posteriormente, la vacunaci\u00f3n se continuar\u00e1 en la red ambulatoria del municipio Monagas. As\u00ed fue informado por el equipo del \u00c1rea de Salud Integral Comunitaria (ASIC), quienes especificaron que la actividad incluye tambi\u00e9n vacunaci\u00f3n contra la influenza estacional, la cual est\u00e1 dirigida a m\u00e9dicos, enfermeras, personal del hospital y ambulatorios.<\/p>\n\n\n\n<p>Igualmente, esa vacuna se aplicar\u00e1 a privados de libertad y pacientes con enfermedades cr\u00f3nicas, tales como asma, cardiopat\u00eda, diabetes, hep\u00e1tica, obesidad, VIH SIDA, renales e hipertensos.<\/p>\n\n\n\n<p>Por otra parte, reiteraron que se mantendr\u00e1 hasta el 30 de agosto la campa\u00f1a de vacunaci\u00f3n contra el sarampi\u00f3n, rub\u00e9ola y poliomielitis, dirigido a los ni\u00f1os y ni\u00f1as de 2 meses a 5 a\u00f1os. Para todos los casos es imprescindible llevar la tarjeta de vacunaci\u00f3n.<\/p>\n\n\n\n<p>@amandasaldivia    <\/p>\n\n\n\n<p><\/p>\n","protected":false},"excerpt":{"rendered":"<p>Amanda Saldivia.- En la plaza Bol\u00edvar de Altagracia de Orituco estar\u00e1 desplegado el equipo de salud, este mi\u00e9rcoles 13 de julio, a los fines de iniciar la jornada de aplicaci\u00f3n de la cuarta dosis de la covid-19, para aquellas personas que tengan un lapso de cuatro meses o m\u00e1s de<\/p>\n","protected":false},"author":2,"featured_media":4031,"comment_status":"open","ping_status":"open","sticky":false,"template":"","format":"standard","meta":{"advanced_seo_description":"","jetpack_seo_html_title":"","jetpack_seo_noindex":false,"_jetpack_memberships_contains_paid_content":false,"footnotes":"","jetpack_publicize_message":"","jetpack_publicize_feature_enabled":true,"jetpack_social_post_already_shared":true,"jetpack_social_options":{"image_generator_settings":{"template":"highway","enabled":false},"version":2}},"categories":[12],"tags":[8,7,32],"class_list":["post-5095","post","type-post","status-publish","format-standard","has-post-thumbnail","hentry","category-salud","tag-altagraciadeorituco","tag-guarico","tag-webdealta",""],"jetpack_publicize_connections":[],"jetpack_featured_media_url":"https:\/\/webdealta.info\/wp-content\/uploads\/2022\/01\/vacunas-webdealta.png","jetpack_sharing_enabled":true,"jetpack_likes_enabled":true,"jetpack-related-posts":[],"jetpack_shortlink":"https:\/\/wp.me\/pcseDn-1kb","_links":{"self":[{"href":"https:\/\/webdealta.info\/index.php?rest_route=\/wp\/v2\/posts\/5095","targetHints":{"allow":["GET"]}}],"collection":[{"href":"https:\/\/webdealta.info\/index.php?rest_route=\/wp\/v2\/posts"}],"about":[{"href":"https:\/\/webdealta.info\/index.php?rest_route=\/wp\/v2\/types\/post"}],"author":[{"embeddable":true,"href":"https:\/\/webdealta.info\/index.php?rest_route=\/wp\/v2\/users\/2"}],"replies":[{"embeddable":true,"href":"https:\/\/webdealta.info\/index.php?rest_route=%2Fwp%2Fv2%2Fcomments&post=5095"}],"version-history":[{"count":1,"href":"https:\/\/webdealta.info\/index.php?rest_route=\/wp\/v2\/posts\/5095\/revisions"}],"predecessor-version":[{"id":5096,"href":"https:\/\/webdealta.info\/index.php?rest_route=\/wp\/v2\/posts\/5095\/revisions\/5096"}],"wp:featuredmedia":[{"embeddable":true,"href":"https:\/\/webdealta.info\/index.php?rest_route=\/wp\/v2\/media\/4031"}],"wp:attachment":[{"href":"https:\/\/webdealta.info\/index.php?rest_route=%2Fwp%2Fv2%2Fmedia&parent=5095"}],"wp:term":[{"taxonomy":"category","embeddable":true,"href":"https:\/\/webdealta.info\/index.php?rest_route=%2Fwp%2Fv2%2Fcategories&post=5095"},{"taxonomy":"post_tag","embeddable":true,"href":"https:\/\/webdealta.info\/index.php?rest_route=%2Fwp%2Fv2%2Ftags&post=5095"}],"curies":[{"name":"wp","href":"https:\/\/api.w.org\/{rel}","templated":true}]}}