{"id":5083,"date":"2022-07-10T21:02:19","date_gmt":"2022-07-11T01:02:19","guid":{"rendered":"https:\/\/webdealta.info\/?p=5083"},"modified":"2022-07-10T21:02:19","modified_gmt":"2022-07-11T01:02:19","slug":"policia-de-guarico-integrada-a-mantenimiento-en-escuela-orituco","status":"publish","type":"post","link":"https:\/\/webdealta.info\/?p=5083","title":{"rendered":"Polic\u00eda de Gu\u00e1rico integrada a mantenimiento en escuela Orituco"},"content":{"rendered":"\n<p>Amanda Saldivia.-<\/p>\n\n\n\n<p>En las instalaciones de la Escuela B\u00e1sica Orituco, ubicada en el sector Tricentenario II de Altagracia, se dio una acci\u00f3n enmarcada en el trabajo de integraci\u00f3n entre los organismos de seguridad ciudadana y la comunidad.<\/p>\n\n\n\n<p>Esta consisti\u00f3 en la presencia de funcionarios del Centro de Coordinaci\u00f3n Policial Nro. 14 de Altagracia de Orituco, quienes se unieron a las labores de limpieza de los jardines de esa instituci\u00f3n educativa y otras acciones de mantenimiento.<\/p>\n\n\n\n<p>Al respecto, la comisionada jefe Evelin Jaramillo, directora del CCP de esta regi\u00f3n guarique\u00f1a, precis\u00f3 que se trata de una actividad que da cumplimento al mandato del Ministerio de Interior, Justicia y Paz, el cual orden\u00f3 la integraci\u00f3n de los organismos de seguridad ciudadana con las comunidades, a los fines de darles apoyo.<\/p>\n\n\n\n<p>La funcionaria hizo hincapi\u00e9, en que los vecinos no solo vean la acci\u00f3n represiva que les corresponde de acuerdo a la ley, sino tambi\u00e9n que pueden contar con la instituci\u00f3n para otras labores, porque son parte de la comunidad.<\/p>\n\n\n\n<p>@amandasaldivia   <\/p>\n\n\n\n<p><\/p>\n","protected":false},"excerpt":{"rendered":"<p>Amanda Saldivia.- En las instalaciones de la Escuela B\u00e1sica Orituco, ubicada en el sector Tricentenario II de Altagracia, se dio una acci\u00f3n enmarcada en el trabajo de integraci\u00f3n entre los organismos de seguridad ciudadana y la comunidad. Esta consisti\u00f3 en la presencia de funcionarios del Centro de Coordinaci\u00f3n Policial Nro.<\/p>\n","protected":false},"author":2,"featured_media":5084,"comment_status":"open","ping_status":"open","sticky":false,"template":"","format":"standard","meta":{"advanced_seo_description":"","jetpack_seo_html_title":"","jetpack_seo_noindex":false,"_jetpack_memberships_contains_paid_content":false,"footnotes":"","jetpack_publicize_message":"","jetpack_publicize_feature_enabled":true,"jetpack_social_post_already_shared":true,"jetpack_social_options":{"image_generator_settings":{"template":"highway","enabled":false},"version":2}},"categories":[207],"tags":[8,7,32],"class_list":["post-5083","post","type-post","status-publish","format-standard","has-post-thumbnail","hentry","category-mantenimiento","tag-altagraciadeorituco","tag-guarico","tag-webdealta",""],"jetpack_publicize_connections":[],"jetpack_featured_media_url":"https:\/\/webdealta.info\/wp-content\/uploads\/2022\/07\/Policia-de-Guarico-webdealta.png","jetpack_sharing_enabled":true,"jetpack_likes_enabled":true,"jetpack-related-posts":[],"jetpack_shortlink":"https:\/\/wp.me\/pcseDn-1jZ","_links":{"self":[{"href":"https:\/\/webdealta.info\/index.php?rest_route=\/wp\/v2\/posts\/5083","targetHints":{"allow":["GET"]}}],"collection":[{"href":"https:\/\/webdealta.info\/index.php?rest_route=\/wp\/v2\/posts"}],"about":[{"href":"https:\/\/webdealta.info\/index.php?rest_route=\/wp\/v2\/types\/post"}],"author":[{"embeddable":true,"href":"https:\/\/webdealta.info\/index.php?rest_route=\/wp\/v2\/users\/2"}],"replies":[{"embeddable":true,"href":"https:\/\/webdealta.info\/index.php?rest_route=%2Fwp%2Fv2%2Fcomments&post=5083"}],"version-history":[{"count":1,"href":"https:\/\/webdealta.info\/index.php?rest_route=\/wp\/v2\/posts\/5083\/revisions"}],"predecessor-version":[{"id":5085,"href":"https:\/\/webdealta.info\/index.php?rest_route=\/wp\/v2\/posts\/5083\/revisions\/5085"}],"wp:featuredmedia":[{"embeddable":true,"href":"https:\/\/webdealta.info\/index.php?rest_route=\/wp\/v2\/media\/5084"}],"wp:attachment":[{"href":"https:\/\/webdealta.info\/index.php?rest_route=%2Fwp%2Fv2%2Fmedia&parent=5083"}],"wp:term":[{"taxonomy":"category","embeddable":true,"href":"https:\/\/webdealta.info\/index.php?rest_route=%2Fwp%2Fv2%2Fcategories&post=5083"},{"taxonomy":"post_tag","embeddable":true,"href":"https:\/\/webdealta.info\/index.php?rest_route=%2Fwp%2Fv2%2Ftags&post=5083"}],"curies":[{"name":"wp","href":"https:\/\/api.w.org\/{rel}","templated":true}]}}