{"id":5072,"date":"2022-07-09T08:34:22","date_gmt":"2022-07-09T12:34:22","guid":{"rendered":"https:\/\/webdealta.info\/?p=5072"},"modified":"2022-07-09T08:34:23","modified_gmt":"2022-07-09T12:34:23","slug":"el-poder-del-conocimiento-centenario-de-la-independencia-en-1911","status":"publish","type":"post","link":"https:\/\/webdealta.info\/?p=5072","title":{"rendered":"El Poder del Conocimiento: Centenario de la Independencia en 1911"},"content":{"rendered":"\n<p>Amanda Saldivia.-<\/p>\n\n\n\n<p>Presentamos la historia de como las fechas patrias han servido para efectuar en Altagracia de Orituco actos recordatorios, as\u00ed como tambi\u00e9n para glorificar la memoria de los h\u00e9roes de la gesta independentista.<\/p>\n\n\n\n<p>Ese fue el tema de la semana, en la serie de micros El Poder del Conocimiento, iniciativa de la empresa Promasorca, con la finalidad de enriquecer los saberes con curiosidades, an\u00e9cdotas e historias interesantes de nuestra regi\u00f3n orituque\u00f1a y del mundo.<\/p>\n\n\n\n<p>Para el a\u00f1o 1911, a prop\u00f3sito de celebrarse el Centenario de la Independencia, el Concejo Municipal del otrora Distrito Monagas dict\u00f3 un acuerdo el 3 de julio, en el cual expone que \u201ces deber de los pueblos glorificar la memoria de los egregios varones que les dieron Independencia y Patria, as\u00ed como tambi\u00e9n tributar el homenaje de su gratitud a aquellos que la justicia popular se\u00f1ala como verdaderos benefactores\u201d. As\u00ed se puede leer en el libro Calles, Sitios y Aleros de Altagracia de Orituco, obra del Dr. Pedro Natalio Ar\u00e9valo.<\/p>\n\n\n\n<p>Los actos para conmemorar el Centenario estuvieron a cargo de una Junta directiva integrada por destacados personajes, entre ellos el padre Sixto Sosa, el Dr. Benito Guti\u00e9rrez L\u00f3pez y el Dr. Pedro Mar\u00eda Ar\u00e9valo Cede\u00f1o.<\/p>\n\n\n\n<p>En esos actos solemnes tambi\u00e9n se cambiaron el nombre de algunas calles, precisamente para honrar la memoria de los h\u00e9roes de la independencia. Fue as\u00ed como la calle El Comercio pas\u00f3 a llamarse Ilustres Pr\u00f3ceres y el dato curioso es que anteriormente se conoc\u00eda como el Camino de Barcelona.<\/p>\n\n\n\n<p>As\u00ed que no es nada extra\u00f1o que la calle Ilustres Pr\u00f3ceres que conocemos, se haya llamado El Comercio, porque evidentemente ya se perfilaba como la v\u00eda para el establecimiento de negocios de diferente \u00edndole. Igualmente destacan en la actualidad las pocas casonas que quedan en pie, las cuales deben conservarse por el valor hist\u00f3rico que tienen.<\/p>\n\n\n\n<p>En el acuerdo del 3 de julio de 1911, tambi\u00e9n fue cambiado el nombre de otras calles de Altagracia, con motivo del Centenario de la Independencia. As\u00ed que cuando pasemos por la Rond\u00f3n, es bueno saber que antes se llamaba El Sol y que el cambio fue para honrar la memoria del General Hip\u00f3lito Rond\u00f3n, h\u00e9roe de la independencia.<\/p>\n\n\n\n<p>Otra v\u00eda que fue rebautizada fue la Pell\u00f3n y Palacios que antes se llamaba La Esperanza. Tambi\u00e9n existi\u00f3 la calle El Carmen, la cual desde esa fecha es la Chapaiguana y hasta hubo la calle San Antonio que es ahora la Juli\u00e1n Mellado, que pasa justo al frente de la edificaci\u00f3n que sirve de sede al gobierno municipal.<\/p>\n\n\n\n<p>Pero los cambios no quedaron ah\u00ed. Ese 3 de julio de 1911, quienes conformaban el Concejo Municipal del Distrito Monagas, designaron la calle La Igualdad como Gil Pulido, en homenaje del General Agust\u00edn Gil Pulido, jefe civil de esta localidad por muchos a\u00f1os.<\/p>\n\n\n\n<p>Ah\u00ed otro hecho curioso, por qu\u00e9 antes se llamaba La Igualdad. La respuesta de Beto Mirabal, quien fue el responsable de la edici\u00f3n del libro Calles, Sitios y Aleros de Altagracia de Orituco, es que como va rumbo al cementerio de la calle Vuelvan Caras, ese nombre fue dado popularmente por el hecho de que para all\u00e1 van en igualdad de condiciones quienes dejaron este plano terrenal.<\/p>\n\n\n\n<p>As\u00ed que nada sorprende la solicitud de cambios de nombres a calles o incluso al municipio, porque este mundo es cambiante y siempre se reflexionar\u00e1 sobre la necesidad de honrar la memoria de alg\u00fan personaje o resaltar un hecho hist\u00f3rico.<\/p>\n\n\n\n<p>@amandasaldivia  <\/p>\n\n\n\n<p><\/p>\n","protected":false},"excerpt":{"rendered":"<p>Amanda Saldivia.- Presentamos la historia de como las fechas patrias han servido para efectuar en Altagracia de Orituco actos recordatorios, as\u00ed como tambi\u00e9n para glorificar la memoria de los h\u00e9roes de la gesta independentista. Ese fue el tema de la semana, en la serie de micros El Poder del Conocimiento,<\/p>\n","protected":false},"author":2,"featured_media":4564,"comment_status":"open","ping_status":"open","sticky":false,"template":"","format":"standard","meta":{"advanced_seo_description":"","jetpack_seo_html_title":"","jetpack_seo_noindex":false,"_jetpack_memberships_contains_paid_content":false,"footnotes":"","jetpack_publicize_message":"","jetpack_publicize_feature_enabled":true,"jetpack_social_post_already_shared":true,"jetpack_social_options":{"image_generator_settings":{"template":"highway","enabled":false},"version":2}},"categories":[302],"tags":[8,7,32],"class_list":["post-5072","post","type-post","status-publish","format-standard","has-post-thumbnail","hentry","category-el-poder-del-conocimiento","tag-altagraciadeorituco","tag-guarico","tag-webdealta",""],"jetpack_publicize_connections":[],"jetpack_featured_media_url":"https:\/\/webdealta.info\/wp-content\/uploads\/2022\/04\/altagracia-de-orituco-webdealta.png","jetpack_sharing_enabled":true,"jetpack_likes_enabled":true,"jetpack-related-posts":[],"jetpack_shortlink":"https:\/\/wp.me\/pcseDn-1jO","_links":{"self":[{"href":"https:\/\/webdealta.info\/index.php?rest_route=\/wp\/v2\/posts\/5072","targetHints":{"allow":["GET"]}}],"collection":[{"href":"https:\/\/webdealta.info\/index.php?rest_route=\/wp\/v2\/posts"}],"about":[{"href":"https:\/\/webdealta.info\/index.php?rest_route=\/wp\/v2\/types\/post"}],"author":[{"embeddable":true,"href":"https:\/\/webdealta.info\/index.php?rest_route=\/wp\/v2\/users\/2"}],"replies":[{"embeddable":true,"href":"https:\/\/webdealta.info\/index.php?rest_route=%2Fwp%2Fv2%2Fcomments&post=5072"}],"version-history":[{"count":1,"href":"https:\/\/webdealta.info\/index.php?rest_route=\/wp\/v2\/posts\/5072\/revisions"}],"predecessor-version":[{"id":5073,"href":"https:\/\/webdealta.info\/index.php?rest_route=\/wp\/v2\/posts\/5072\/revisions\/5073"}],"wp:featuredmedia":[{"embeddable":true,"href":"https:\/\/webdealta.info\/index.php?rest_route=\/wp\/v2\/media\/4564"}],"wp:attachment":[{"href":"https:\/\/webdealta.info\/index.php?rest_route=%2Fwp%2Fv2%2Fmedia&parent=5072"}],"wp:term":[{"taxonomy":"category","embeddable":true,"href":"https:\/\/webdealta.info\/index.php?rest_route=%2Fwp%2Fv2%2Fcategories&post=5072"},{"taxonomy":"post_tag","embeddable":true,"href":"https:\/\/webdealta.info\/index.php?rest_route=%2Fwp%2Fv2%2Ftags&post=5072"}],"curies":[{"name":"wp","href":"https:\/\/api.w.org\/{rel}","templated":true}]}}