{"id":5069,"date":"2022-07-08T21:17:51","date_gmt":"2022-07-09T01:17:51","guid":{"rendered":"https:\/\/webdealta.info\/?p=5069"},"modified":"2022-07-08T21:17:52","modified_gmt":"2022-07-09T01:17:52","slug":"creadas-comisiones-para-exigir-revision-de-tarifas-y-calidad-del-servicio","status":"publish","type":"post","link":"https:\/\/webdealta.info\/?p=5069","title":{"rendered":"Creadas comisiones para exigir revisi\u00f3n de tarifas y calidad del servicio"},"content":{"rendered":"\n<p>Amanda Saldivia.-<\/p>\n\n\n\n<p>En medio de la asamblea celebrada en la C\u00e1mara de Comercio del municipio Monagas, fueron constituidas comisiones de aseo urbano, agua potable y electricidad, integradas por comerciantes y vecinos, las cuales se encargar\u00e1n de elaborar los documentos que ser\u00e1n enviados a cada uno de los organismos responsables, a los fines de exigir la instalaci\u00f3n de meses de trabajo para revisar las tarifas, as\u00ed como tambi\u00e9n la calidad de esos servicios p\u00fablicos b\u00e1sicos.<\/p>\n\n\n\n<p>Al respecto, Pablo Rojas, presidente de la C\u00e1mara de Comercio, expres\u00f3 que el servicio m\u00e1s criticado fue el que presta Hidrop\u00e1ez, porque los presentes consideran que las tarifas no se ajustan a la realidad del suministro, al extremo de que el agua potable no llega a algunos establecimientos comerciales, pero s\u00ed se emiten las facturas mensualmente y con incrementos.<\/p>\n\n\n\n<p>\u201cQuiero agradecer a los presentes, por la asistencia\u2026fue una reuni\u00f3n amena con bastante participaci\u00f3n y ya quedaron nombradas las comisiones, la semana que viene se har\u00e1n los planteamientos, observaciones y posteriormente de seguro mesas de trabajo donde podamos sincerar los costos, que algunos se consideran que est\u00e1n elevados\u201d, se\u00f1al\u00f3 Pablo Rojas al culminar el encuentro.<\/p>\n\n\n\n<p>En las comisiones constituidas figuran los nombres de Armando Silva, Godofredo Mora, Daniela Rivera, Luis Vel\u00e1squez, Elsa Carballo, Zulimar Bandres, Luis Laya, Adriana Adames, Zobeida L\u00f3pez, Mar\u00eda Orasma, Claudia R\u00edos, Hasan Mallak, Franyelys Chiliberty, Glendys Garc\u00eda, Alineh Torrealba y Jhonatan G\u00f3mez.<\/p>\n\n\n\n<p>La asamblea se celebr\u00f3 en la tarde de este viernes 8 de julio, en la sede de la C\u00e1mara de Comercio de Altagracia de Orituco, Gu\u00e1rico. Ahora la expectativa est\u00e1 en los pr\u00f3ximos encuentros que har\u00e1n cada una de las comisiones constituidas y la respuesta que den los entes responsables de la prestaci\u00f3n de esos servicios.<\/p>\n\n\n\n<p>@amandasaldivia   <\/p>\n\n\n\n<p><\/p>\n","protected":false},"excerpt":{"rendered":"<p>Amanda Saldivia.- En medio de la asamblea celebrada en la C\u00e1mara de Comercio del municipio Monagas, fueron constituidas comisiones de aseo urbano, agua potable y electricidad, integradas por comerciantes y vecinos, las cuales se encargar\u00e1n de elaborar los documentos que ser\u00e1n enviados a cada uno de los organismos responsables, a<\/p>\n","protected":false},"author":2,"featured_media":5070,"comment_status":"open","ping_status":"open","sticky":false,"template":"","format":"standard","meta":{"advanced_seo_description":"","jetpack_seo_html_title":"","jetpack_seo_noindex":false,"_jetpack_memberships_contains_paid_content":false,"footnotes":"","jetpack_publicize_message":"","jetpack_publicize_feature_enabled":true,"jetpack_social_post_already_shared":true,"jetpack_social_options":{"image_generator_settings":{"template":"highway","enabled":false},"version":2}},"categories":[268],"tags":[8,7,32],"class_list":["post-5069","post","type-post","status-publish","format-standard","has-post-thumbnail","hentry","category-servicios-publicos","tag-altagraciadeorituco","tag-guarico","tag-webdealta",""],"jetpack_publicize_connections":[],"jetpack_featured_media_url":"https:\/\/webdealta.info\/wp-content\/uploads\/2022\/07\/Camara-de-Comercio-webdealta.png","jetpack_sharing_enabled":true,"jetpack_likes_enabled":true,"jetpack-related-posts":[],"jetpack_shortlink":"https:\/\/wp.me\/pcseDn-1jL","_links":{"self":[{"href":"https:\/\/webdealta.info\/index.php?rest_route=\/wp\/v2\/posts\/5069","targetHints":{"allow":["GET"]}}],"collection":[{"href":"https:\/\/webdealta.info\/index.php?rest_route=\/wp\/v2\/posts"}],"about":[{"href":"https:\/\/webdealta.info\/index.php?rest_route=\/wp\/v2\/types\/post"}],"author":[{"embeddable":true,"href":"https:\/\/webdealta.info\/index.php?rest_route=\/wp\/v2\/users\/2"}],"replies":[{"embeddable":true,"href":"https:\/\/webdealta.info\/index.php?rest_route=%2Fwp%2Fv2%2Fcomments&post=5069"}],"version-history":[{"count":1,"href":"https:\/\/webdealta.info\/index.php?rest_route=\/wp\/v2\/posts\/5069\/revisions"}],"predecessor-version":[{"id":5071,"href":"https:\/\/webdealta.info\/index.php?rest_route=\/wp\/v2\/posts\/5069\/revisions\/5071"}],"wp:featuredmedia":[{"embeddable":true,"href":"https:\/\/webdealta.info\/index.php?rest_route=\/wp\/v2\/media\/5070"}],"wp:attachment":[{"href":"https:\/\/webdealta.info\/index.php?rest_route=%2Fwp%2Fv2%2Fmedia&parent=5069"}],"wp:term":[{"taxonomy":"category","embeddable":true,"href":"https:\/\/webdealta.info\/index.php?rest_route=%2Fwp%2Fv2%2Fcategories&post=5069"},{"taxonomy":"post_tag","embeddable":true,"href":"https:\/\/webdealta.info\/index.php?rest_route=%2Fwp%2Fv2%2Ftags&post=5069"}],"curies":[{"name":"wp","href":"https:\/\/api.w.org\/{rel}","templated":true}]}}