{"id":5062,"date":"2022-07-07T21:18:48","date_gmt":"2022-07-08T01:18:48","guid":{"rendered":"https:\/\/webdealta.info\/?p=5062"},"modified":"2022-07-07T21:18:49","modified_gmt":"2022-07-08T01:18:49","slug":"en-altagracia-primer-encuentro-de-saberes-y-haceres","status":"publish","type":"post","link":"https:\/\/webdealta.info\/?p=5062","title":{"rendered":"En Altagracia Primer Encuentro de Saberes y Haceres"},"content":{"rendered":"\n<p>En la Plaza Bol\u00edvar de Altagracia de Orituco, se realiz\u00f3 este jueves el Primer Encuentro de Saberes y Haceres de los grupos de creaci\u00f3n, recreaci\u00f3n y producci\u00f3n de media general y el programa Todos Manos a la Siembra del municipio Jos\u00e9 Tadeo Monagas.<\/p>\n\n\n\n<p>La actividad, organizada por la Red Educativa Comunal, estuvo encabezada por la Dra. Susana Sayegh, conjuntamente con el Centro de Formaci\u00f3n Socialista INCES, coordinado por la profesora Yraima Torres y destac\u00f3 la presencia del alcalde Pedro Sol\u00f3rzano, quien hizo un recorrido por cada uno de los puestos, donde los estudiantes de bachillerato explicaron sus muestras productivas demostrando la capacidad que tienen de crear y elevar el valor de los saberes y haceres locales.<\/p>\n\n\n\n<p>En dicha muestra se pudo observar, confecciones de ropa \u00edntima y uniformes escolares, realizaci\u00f3n de panificaci\u00f3n dom\u00e9stica, dulcer\u00eda criolla, pi\u00f1ater\u00eda, tarjetas art\u00edsticas, barber\u00eda, marketing, entre otros.<\/p>\n\n\n\n<p>La estudiante de 5to a\u00f1o de la Unidad Educativa Colegio Nuestra Se\u00f1ora de Altagracia, Sergimar Nadales, respecto a la actividad expres\u00f3 que \u00abme parece una genial y divertida iniciativa, ya que nos ofrece formar parte de nuevas actividades que nos involucran en haceres que forman parte de nuestra vida diaria\u00bb.<\/p>\n\n\n\n<p>Prensa alcald\u00eda del municipio Monagas  <\/p>\n\n\n\n<p><\/p>\n","protected":false},"excerpt":{"rendered":"<p>En la Plaza Bol\u00edvar de Altagracia de Orituco, se realiz\u00f3 este jueves el Primer Encuentro de Saberes y Haceres de los grupos de creaci\u00f3n, recreaci\u00f3n y producci\u00f3n de media general y el programa Todos Manos a la Siembra del municipio Jos\u00e9 Tadeo Monagas. La actividad, organizada por la Red Educativa<\/p>\n","protected":false},"author":2,"featured_media":5063,"comment_status":"open","ping_status":"open","sticky":false,"template":"","format":"standard","meta":{"advanced_seo_description":"","jetpack_seo_html_title":"","jetpack_seo_noindex":false,"_jetpack_memberships_contains_paid_content":false,"footnotes":"","jetpack_publicize_message":"","jetpack_publicize_feature_enabled":true,"jetpack_social_post_already_shared":true,"jetpack_social_options":{"image_generator_settings":{"template":"highway","enabled":false},"version":2}},"categories":[151],"tags":[8,7,32],"class_list":["post-5062","post","type-post","status-publish","format-standard","has-post-thumbnail","hentry","category-educacion","tag-altagraciadeorituco","tag-guarico","tag-webdealta",""],"jetpack_publicize_connections":[],"jetpack_featured_media_url":"https:\/\/webdealta.info\/wp-content\/uploads\/2022\/07\/alcalde-pedro-webdealta.jpg","jetpack_sharing_enabled":true,"jetpack_likes_enabled":true,"jetpack-related-posts":[],"jetpack_shortlink":"https:\/\/wp.me\/pcseDn-1jE","_links":{"self":[{"href":"https:\/\/webdealta.info\/index.php?rest_route=\/wp\/v2\/posts\/5062","targetHints":{"allow":["GET"]}}],"collection":[{"href":"https:\/\/webdealta.info\/index.php?rest_route=\/wp\/v2\/posts"}],"about":[{"href":"https:\/\/webdealta.info\/index.php?rest_route=\/wp\/v2\/types\/post"}],"author":[{"embeddable":true,"href":"https:\/\/webdealta.info\/index.php?rest_route=\/wp\/v2\/users\/2"}],"replies":[{"embeddable":true,"href":"https:\/\/webdealta.info\/index.php?rest_route=%2Fwp%2Fv2%2Fcomments&post=5062"}],"version-history":[{"count":1,"href":"https:\/\/webdealta.info\/index.php?rest_route=\/wp\/v2\/posts\/5062\/revisions"}],"predecessor-version":[{"id":5064,"href":"https:\/\/webdealta.info\/index.php?rest_route=\/wp\/v2\/posts\/5062\/revisions\/5064"}],"wp:featuredmedia":[{"embeddable":true,"href":"https:\/\/webdealta.info\/index.php?rest_route=\/wp\/v2\/media\/5063"}],"wp:attachment":[{"href":"https:\/\/webdealta.info\/index.php?rest_route=%2Fwp%2Fv2%2Fmedia&parent=5062"}],"wp:term":[{"taxonomy":"category","embeddable":true,"href":"https:\/\/webdealta.info\/index.php?rest_route=%2Fwp%2Fv2%2Fcategories&post=5062"},{"taxonomy":"post_tag","embeddable":true,"href":"https:\/\/webdealta.info\/index.php?rest_route=%2Fwp%2Fv2%2Ftags&post=5062"}],"curies":[{"name":"wp","href":"https:\/\/api.w.org\/{rel}","templated":true}]}}