{"id":5058,"date":"2022-07-07T20:24:51","date_gmt":"2022-07-08T00:24:51","guid":{"rendered":"https:\/\/webdealta.info\/?p=5058"},"modified":"2022-07-07T20:24:52","modified_gmt":"2022-07-08T00:24:52","slug":"mg-santiago-infante-nuevo-comandante-de-la-aviacion-militar-bolivariana","status":"publish","type":"post","link":"https:\/\/webdealta.info\/?p=5058","title":{"rendered":"MG Santiago Infante nuevo comandante de la Aviaci\u00f3n Militar Bolivariana"},"content":{"rendered":"\n<p>Amanda Saldivia.-<\/p>\n\n\n\n<p>En medio del acto de ascensos celebrado este jueves 7 de julio en el patio de honor de la Universidad Militar Bolivariana de Venezuela, el presidente Nicol\u00e1s Maduro design\u00f3 al Mayor General Santiago Infante Itriago, como nuevo comandante de la Aviaci\u00f3n, entre otras designaciones del \u00e1rea castrense.<\/p>\n\n\n\n<p>El General Santiago Infante es oriundo de Altagracia de Orituco y se desempe\u00f1aba con comandante de la Regi\u00f3n Estrat\u00e9gica de Defensa Integral Los Llanos desde julio de 2021, lo que le permiti\u00f3 tener una mayor vinculaci\u00f3n con su tierra natal. Esta REDI abarca los estados Apure, Barinas, Portuguesa, Cojedes y Gu\u00e1rico.<\/p>\n\n\n\n<p>En medio del acto, tambi\u00e9n el presidente Nicol\u00e1s Maduro ratific\u00f3 al GJ Vladimir Padrino L\u00f3pez como ministro de la Defensa, cargo que desempe\u00f1a desde el a\u00f1o 2014. Igualmente, anunci\u00f3 el nombramiento del general Jos\u00e9 Gregorio Moreno como jefe del Estado Mayor del Comando Estrat\u00e9gico Operacional y al almirante An\u00edbal Brito, como comandante de la Armada Militar Bolivariana.<\/p>\n\n\n\n<p>@amandasaldivia<\/p>\n\n\n\n<p>Foto cortes\u00eda  <\/p>\n\n\n\n<p><\/p>\n","protected":false},"excerpt":{"rendered":"<p>Amanda Saldivia.- En medio del acto de ascensos celebrado este jueves 7 de julio en el patio de honor de la Universidad Militar Bolivariana de Venezuela, el presidente Nicol\u00e1s Maduro design\u00f3 al Mayor General Santiago Infante Itriago, como nuevo comandante de la Aviaci\u00f3n, entre otras designaciones del \u00e1rea castrense. El<\/p>\n","protected":false},"author":2,"featured_media":5059,"comment_status":"open","ping_status":"open","sticky":false,"template":"","format":"standard","meta":{"advanced_seo_description":"","jetpack_seo_html_title":"","jetpack_seo_noindex":false,"_jetpack_memberships_contains_paid_content":false,"footnotes":"","jetpack_publicize_message":"","jetpack_publicize_feature_enabled":true,"jetpack_social_post_already_shared":true,"jetpack_social_options":{"image_generator_settings":{"template":"highway","enabled":false},"version":2}},"categories":[321],"tags":[8,7,32],"class_list":["post-5058","post","type-post","status-publish","format-standard","has-post-thumbnail","hentry","category-nacionales","tag-altagraciadeorituco","tag-guarico","tag-webdealta",""],"jetpack_publicize_connections":[],"jetpack_featured_media_url":"https:\/\/webdealta.info\/wp-content\/uploads\/2022\/07\/santiago-infante.png","jetpack_sharing_enabled":true,"jetpack_likes_enabled":true,"jetpack-related-posts":[],"jetpack_shortlink":"https:\/\/wp.me\/pcseDn-1jA","_links":{"self":[{"href":"https:\/\/webdealta.info\/index.php?rest_route=\/wp\/v2\/posts\/5058","targetHints":{"allow":["GET"]}}],"collection":[{"href":"https:\/\/webdealta.info\/index.php?rest_route=\/wp\/v2\/posts"}],"about":[{"href":"https:\/\/webdealta.info\/index.php?rest_route=\/wp\/v2\/types\/post"}],"author":[{"embeddable":true,"href":"https:\/\/webdealta.info\/index.php?rest_route=\/wp\/v2\/users\/2"}],"replies":[{"embeddable":true,"href":"https:\/\/webdealta.info\/index.php?rest_route=%2Fwp%2Fv2%2Fcomments&post=5058"}],"version-history":[{"count":1,"href":"https:\/\/webdealta.info\/index.php?rest_route=\/wp\/v2\/posts\/5058\/revisions"}],"predecessor-version":[{"id":5060,"href":"https:\/\/webdealta.info\/index.php?rest_route=\/wp\/v2\/posts\/5058\/revisions\/5060"}],"wp:featuredmedia":[{"embeddable":true,"href":"https:\/\/webdealta.info\/index.php?rest_route=\/wp\/v2\/media\/5059"}],"wp:attachment":[{"href":"https:\/\/webdealta.info\/index.php?rest_route=%2Fwp%2Fv2%2Fmedia&parent=5058"}],"wp:term":[{"taxonomy":"category","embeddable":true,"href":"https:\/\/webdealta.info\/index.php?rest_route=%2Fwp%2Fv2%2Fcategories&post=5058"},{"taxonomy":"post_tag","embeddable":true,"href":"https:\/\/webdealta.info\/index.php?rest_route=%2Fwp%2Fv2%2Ftags&post=5058"}],"curies":[{"name":"wp","href":"https:\/\/api.w.org\/{rel}","templated":true}]}}