{"id":5050,"date":"2022-07-06T21:56:37","date_gmt":"2022-07-07T01:56:37","guid":{"rendered":"https:\/\/webdealta.info\/?p=5050"},"modified":"2022-07-06T21:56:38","modified_gmt":"2022-07-07T01:56:38","slug":"acordaran-acciones-ante-aumento-desproporcionado-de-servicios-publicos","status":"publish","type":"post","link":"https:\/\/webdealta.info\/?p=5050","title":{"rendered":"Acordar\u00e1n acciones ante aumento desproporcionado de servicios p\u00fablicos"},"content":{"rendered":"\n<p>Amanda Saldivia.-<\/p>\n\n\n\n<p>En asamblea de comerciantes y vecinos discutir\u00e1n qu\u00e9 acciones tomar\u00e1n ante los ajustes efectuados a tres servicios p\u00fablicos b\u00e1sicos, aseo urbano, electricidad y agua potable, los cuales consideran que pasaron de montos extremadamente bajos, a facturas que superan los 10 d\u00f3lares mensuales, en la mayor\u00eda de los casos.<\/p>\n\n\n\n<p>El encuentro ser\u00e1 en la sede de la C\u00e1mara de Comercio de Altagracia de Orituco, el pr\u00f3ximo viernes 8 de julio, a las 5:00 pm, de acuerdo a la convocatoria que ya comenz\u00f3 a circular en los medios de comunicaci\u00f3n social y otras redes de informaci\u00f3n.<\/p>\n\n\n\n<p>Al respecto consultamos a Pablo Rojas, presidente del gremio que agrupa a los comerciantes del municipio Monagas, quien dej\u00f3 claro que la intenci\u00f3n es unificar criterios y ver de qu\u00e9 manera van a protestar ante los aumentos de hasta 100 por ciento que se han registrado este a\u00f1o 2022.<\/p>\n\n\n\n<p>Como presidente de la C\u00e1mara, dijo que \u201cobservan con preocupaci\u00f3n el constante aumento a nuestros costos de funcionamiento, porque para nosotros poder funcionar, tener la santamaria arriba, tenemos que cumplir con ciertos compromisos y d\u00eda a d\u00eda hay m\u00e1s costo para seguir trabajando, los alquileres son unos y los servicios otros\u201d.<\/p>\n\n\n\n<p>En los argumentos expuestos, Pablo Rojas precis\u00f3 que ya vienen \u201cpadeciendo de aumentos desproporcionados de Hidrop\u00e1ez y muchos de nuestros agremiados alegan que es un servicio casi inexistente y de paso lo anclaron al Petro y los suben cada cierto tiempo, eso lo hace insostenible\u201d.<\/p>\n\n\n\n<p>A la asamblea est\u00e1n invitados comerciantes, agremiados o no, adem\u00e1s de vecinos particularmente del casco central de Altagracia, donde se emite la facturaci\u00f3n del servicio de Hidrop\u00e1ez, Corpoelec y ahora el aseo urbano a los establecimientos.<\/p>\n\n\n\n<p>@amandasaldivia    <\/p>\n\n\n\n<p><\/p>\n","protected":false},"excerpt":{"rendered":"<p>Amanda Saldivia.- En asamblea de comerciantes y vecinos discutir\u00e1n qu\u00e9 acciones tomar\u00e1n ante los ajustes efectuados a tres servicios p\u00fablicos b\u00e1sicos, aseo urbano, electricidad y agua potable, los cuales consideran que pasaron de montos extremadamente bajos, a facturas que superan los 10 d\u00f3lares mensuales, en la mayor\u00eda de los casos.<\/p>\n","protected":false},"author":2,"featured_media":5051,"comment_status":"open","ping_status":"open","sticky":false,"template":"","format":"standard","meta":{"advanced_seo_description":"","jetpack_seo_html_title":"","jetpack_seo_noindex":false,"_jetpack_memberships_contains_paid_content":false,"footnotes":"","jetpack_publicize_message":"","jetpack_publicize_feature_enabled":true,"jetpack_social_post_already_shared":true,"jetpack_social_options":{"image_generator_settings":{"template":"highway","enabled":false},"version":2}},"categories":[268],"tags":[8,7,32],"class_list":["post-5050","post","type-post","status-publish","format-standard","has-post-thumbnail","hentry","category-servicios-publicos","tag-altagraciadeorituco","tag-guarico","tag-webdealta",""],"jetpack_publicize_connections":[],"jetpack_featured_media_url":"https:\/\/webdealta.info\/wp-content\/uploads\/2022\/07\/camara-webdealta.jpg","jetpack_sharing_enabled":true,"jetpack_likes_enabled":true,"jetpack-related-posts":[],"jetpack_shortlink":"https:\/\/wp.me\/pcseDn-1js","_links":{"self":[{"href":"https:\/\/webdealta.info\/index.php?rest_route=\/wp\/v2\/posts\/5050","targetHints":{"allow":["GET"]}}],"collection":[{"href":"https:\/\/webdealta.info\/index.php?rest_route=\/wp\/v2\/posts"}],"about":[{"href":"https:\/\/webdealta.info\/index.php?rest_route=\/wp\/v2\/types\/post"}],"author":[{"embeddable":true,"href":"https:\/\/webdealta.info\/index.php?rest_route=\/wp\/v2\/users\/2"}],"replies":[{"embeddable":true,"href":"https:\/\/webdealta.info\/index.php?rest_route=%2Fwp%2Fv2%2Fcomments&post=5050"}],"version-history":[{"count":1,"href":"https:\/\/webdealta.info\/index.php?rest_route=\/wp\/v2\/posts\/5050\/revisions"}],"predecessor-version":[{"id":5052,"href":"https:\/\/webdealta.info\/index.php?rest_route=\/wp\/v2\/posts\/5050\/revisions\/5052"}],"wp:featuredmedia":[{"embeddable":true,"href":"https:\/\/webdealta.info\/index.php?rest_route=\/wp\/v2\/media\/5051"}],"wp:attachment":[{"href":"https:\/\/webdealta.info\/index.php?rest_route=%2Fwp%2Fv2%2Fmedia&parent=5050"}],"wp:term":[{"taxonomy":"category","embeddable":true,"href":"https:\/\/webdealta.info\/index.php?rest_route=%2Fwp%2Fv2%2Fcategories&post=5050"},{"taxonomy":"post_tag","embeddable":true,"href":"https:\/\/webdealta.info\/index.php?rest_route=%2Fwp%2Fv2%2Ftags&post=5050"}],"curies":[{"name":"wp","href":"https:\/\/api.w.org\/{rel}","templated":true}]}}