{"id":5043,"date":"2022-07-05T19:04:10","date_gmt":"2022-07-05T23:04:10","guid":{"rendered":"https:\/\/webdealta.info\/?p=5043"},"modified":"2022-07-05T19:04:12","modified_gmt":"2022-07-05T23:04:12","slug":"en-altagracia-conmemoran-211-anos-de-la-independencia","status":"publish","type":"post","link":"https:\/\/webdealta.info\/?p=5043","title":{"rendered":"En Altagracia conmemoran 211 a\u00f1os de la Independencia"},"content":{"rendered":"\n<p>En conmemoraci\u00f3n a los 211 a\u00f1os de la Firma del Acta de la Independencia y D\u00eda de la Fuerza Armada Nacional, se llev\u00f3 a cabo una parada c\u00edvico militar, este martes 5 de julio, en la plaza Bol\u00edvar de Altagracia de Orituco, en donde estuvieron representantes de los diversos planteles que forman parte de la Red Educativa del municipio Jos\u00e9 Tadeo Monagas, as\u00ed como tambi\u00e9n de los distintos cuerpos de seguridad de esta regi\u00f3n guarique\u00f1a.<\/p>\n\n\n\n<p>En este sentido, Susana Sayegh Supervisora de la Red Educativa Comunal, se dirigi\u00f3 a los presentes expresando la importancia de esta fecha patria, la que \u201cnos remonta a la historia, 211 para recordar esa declaraci\u00f3n de estado libre, en aquel entonces Bol\u00edvar lucha por una causa y es desde entonces cuando empezamos a formar leyes e instituciones que hoy nos rigen\u00bb.<\/p>\n\n\n\n<p>Por su parte, el Dr. Luis Fern\u00e1ndez, director de Educaci\u00f3n de la Alcald\u00eda y Coordinador de la Universidad R\u00f3mulo Gallegos, n\u00facleo Altagracia de Orituco, expreso que \u00abdebemos rememorar esta fecha para levantar la moral y el fortalecimiento de nuestra identidad cultural\u00bb.<\/p>\n\n\n\n<p>En el acto tambi\u00e9n hicieron acto de presencia, los diferentes directores de la Alcald\u00eda del Municipio, as\u00ed como tambi\u00e9n concejales de la localidad.<\/p>\n\n\n\n<p>Prensa alcald\u00eda del municipio Jos\u00e9 Tadeo Monagas<\/p>\n\n\n\n<p><\/p>\n","protected":false},"excerpt":{"rendered":"<p>En conmemoraci\u00f3n a los 211 a\u00f1os de la Firma del Acta de la Independencia y D\u00eda de la Fuerza Armada Nacional, se llev\u00f3 a cabo una parada c\u00edvico militar, este martes 5 de julio, en la plaza Bol\u00edvar de Altagracia de Orituco, en donde estuvieron representantes de los diversos planteles<\/p>\n","protected":false},"author":2,"featured_media":5044,"comment_status":"open","ping_status":"open","sticky":false,"template":"","format":"standard","meta":{"advanced_seo_description":"","jetpack_seo_html_title":"","jetpack_seo_noindex":false,"_jetpack_memberships_contains_paid_content":false,"footnotes":"","jetpack_publicize_message":"","jetpack_publicize_feature_enabled":true,"jetpack_social_post_already_shared":true,"jetpack_social_options":{"image_generator_settings":{"template":"highway","enabled":false},"version":2}},"categories":[15],"tags":[8,7,32],"class_list":["post-5043","post","type-post","status-publish","format-standard","has-post-thumbnail","hentry","category-municipalidad","tag-altagraciadeorituco","tag-guarico","tag-webdealta",""],"jetpack_publicize_connections":[],"jetpack_featured_media_url":"https:\/\/webdealta.info\/wp-content\/uploads\/2022\/07\/plaza-bolivar-webdealta-altagracia-de-orituco.jpg","jetpack_sharing_enabled":true,"jetpack_likes_enabled":true,"jetpack-related-posts":[],"jetpack_shortlink":"https:\/\/wp.me\/pcseDn-1jl","_links":{"self":[{"href":"https:\/\/webdealta.info\/index.php?rest_route=\/wp\/v2\/posts\/5043","targetHints":{"allow":["GET"]}}],"collection":[{"href":"https:\/\/webdealta.info\/index.php?rest_route=\/wp\/v2\/posts"}],"about":[{"href":"https:\/\/webdealta.info\/index.php?rest_route=\/wp\/v2\/types\/post"}],"author":[{"embeddable":true,"href":"https:\/\/webdealta.info\/index.php?rest_route=\/wp\/v2\/users\/2"}],"replies":[{"embeddable":true,"href":"https:\/\/webdealta.info\/index.php?rest_route=%2Fwp%2Fv2%2Fcomments&post=5043"}],"version-history":[{"count":1,"href":"https:\/\/webdealta.info\/index.php?rest_route=\/wp\/v2\/posts\/5043\/revisions"}],"predecessor-version":[{"id":5045,"href":"https:\/\/webdealta.info\/index.php?rest_route=\/wp\/v2\/posts\/5043\/revisions\/5045"}],"wp:featuredmedia":[{"embeddable":true,"href":"https:\/\/webdealta.info\/index.php?rest_route=\/wp\/v2\/media\/5044"}],"wp:attachment":[{"href":"https:\/\/webdealta.info\/index.php?rest_route=%2Fwp%2Fv2%2Fmedia&parent=5043"}],"wp:term":[{"taxonomy":"category","embeddable":true,"href":"https:\/\/webdealta.info\/index.php?rest_route=%2Fwp%2Fv2%2Fcategories&post=5043"},{"taxonomy":"post_tag","embeddable":true,"href":"https:\/\/webdealta.info\/index.php?rest_route=%2Fwp%2Fv2%2Ftags&post=5043"}],"curies":[{"name":"wp","href":"https:\/\/api.w.org\/{rel}","templated":true}]}}