{"id":5034,"date":"2022-07-05T10:18:17","date_gmt":"2022-07-05T14:18:17","guid":{"rendered":"https:\/\/webdealta.info\/?p=5034"},"modified":"2022-07-05T10:18:18","modified_gmt":"2022-07-05T14:18:18","slug":"persisten-fallas-en-servicio-aba-de-cantv","status":"publish","type":"post","link":"https:\/\/webdealta.info\/?p=5034","title":{"rendered":"Persisten fallas en servicio ABA de CANTV"},"content":{"rendered":"\n<p>Amanda Saldivia.-<\/p>\n\n\n\n<p>Persisten las fallas en el servicio ABA de CANTV y la empresa emiti\u00f3 un nuevo comunicado, en el cual reconoce que hay problemas de conectividad en esta regi\u00f3n del estado Gu\u00e1rico, pero sin aportar mayores detalles sobre el origen.<\/p>\n\n\n\n<p>Mientras tanto, los reclamos son cada vez m\u00e1s visibles por las redes sociales y con la presencia de suscriptores a las afueras de la empresa, quienes hacen filas con la intenci\u00f3n de consignar directamente los reclamos.<\/p>\n\n\n\n<p>La Web de Altagracia estuvo en el lugar y logr\u00f3 conversar con tres ciudadanas. Carmen Rever\u00f3n, habitante del sector Brisas del Pe\u00f1\u00f3n de Altagracia de Orituco, dijo que desde el 13 de junio est\u00e1 sin servicio de internet y que, aunque ya hizo el reclamo por medio de la p\u00e1gina de la empresa, no ha obtenido respuesta.<\/p>\n\n\n\n<p>Yulmary Tovar fue otra de las consultadas, quien se\u00f1al\u00f3 que ha reportado fallas en internet en tres oportunidades y otra vez que qued\u00f3 sin el servicio, porque lo \u201ccolocaron nada m\u00e1s que dos d\u00edas, el fin de semana y el lunes se acab\u00f3 el hechizo\u201d.<\/p>\n\n\n\n<p>En el caso de Ana Torrealba, habitante del sector El Diamante, el reclamo es por suspensi\u00f3n de la l\u00ednea, aunque cancel\u00f3 la factura en la fecha que correspond\u00eda, pero le aparece reflejada la deuda en el sistema.<\/p>\n\n\n\n<p>Mientras tanto la empresa CANTV solo emite comunicados en la red social Twitter. El \u00faltimo fue el pasado dos de julio, el cual dice lo siguiente \u201cmotivado a incidencia t\u00e9cnica, el servicio de internet Aba presenta afectaci\u00f3n parcial en varios sectores de Altagracia de Orituco, estado Gu\u00e1rico. El personal especializado de la empresa inici\u00f3 las labores para restituir la conectividad a la brevedad posible\u201d.<\/p>\n\n\n\n<p>A esta fecha, todav\u00eda persiste la aver\u00eda en sectores como Camoruquito y Camoruco, mientras en otros es intermitente. <\/p>\n\n\n\n<p>@amandasaldivia    <\/p>\n\n\n\n<p><\/p>\n","protected":false},"excerpt":{"rendered":"<p>Amanda Saldivia.- Persisten las fallas en el servicio ABA de CANTV y la empresa emiti\u00f3 un nuevo comunicado, en el cual reconoce que hay problemas de conectividad en esta regi\u00f3n del estado Gu\u00e1rico, pero sin aportar mayores detalles sobre el origen. Mientras tanto, los reclamos son cada vez m\u00e1s visibles<\/p>\n","protected":false},"author":2,"featured_media":5035,"comment_status":"open","ping_status":"open","sticky":false,"template":"","format":"standard","meta":{"advanced_seo_description":"","jetpack_seo_html_title":"","jetpack_seo_noindex":false,"_jetpack_memberships_contains_paid_content":false,"footnotes":"","jetpack_publicize_message":"","jetpack_publicize_feature_enabled":true,"jetpack_social_post_already_shared":true,"jetpack_social_options":{"image_generator_settings":{"template":"highway","enabled":false},"version":2}},"categories":[268],"tags":[8,7,32],"class_list":["post-5034","post","type-post","status-publish","format-standard","has-post-thumbnail","hentry","category-servicios-publicos","tag-altagraciadeorituco","tag-guarico","tag-webdealta",""],"jetpack_publicize_connections":[],"jetpack_featured_media_url":"https:\/\/webdealta.info\/wp-content\/uploads\/2022\/07\/cantv-foto-webdealta.jpg","jetpack_sharing_enabled":true,"jetpack_likes_enabled":true,"jetpack-related-posts":[],"jetpack_shortlink":"https:\/\/wp.me\/pcseDn-1jc","_links":{"self":[{"href":"https:\/\/webdealta.info\/index.php?rest_route=\/wp\/v2\/posts\/5034","targetHints":{"allow":["GET"]}}],"collection":[{"href":"https:\/\/webdealta.info\/index.php?rest_route=\/wp\/v2\/posts"}],"about":[{"href":"https:\/\/webdealta.info\/index.php?rest_route=\/wp\/v2\/types\/post"}],"author":[{"embeddable":true,"href":"https:\/\/webdealta.info\/index.php?rest_route=\/wp\/v2\/users\/2"}],"replies":[{"embeddable":true,"href":"https:\/\/webdealta.info\/index.php?rest_route=%2Fwp%2Fv2%2Fcomments&post=5034"}],"version-history":[{"count":1,"href":"https:\/\/webdealta.info\/index.php?rest_route=\/wp\/v2\/posts\/5034\/revisions"}],"predecessor-version":[{"id":5036,"href":"https:\/\/webdealta.info\/index.php?rest_route=\/wp\/v2\/posts\/5034\/revisions\/5036"}],"wp:featuredmedia":[{"embeddable":true,"href":"https:\/\/webdealta.info\/index.php?rest_route=\/wp\/v2\/media\/5035"}],"wp:attachment":[{"href":"https:\/\/webdealta.info\/index.php?rest_route=%2Fwp%2Fv2%2Fmedia&parent=5034"}],"wp:term":[{"taxonomy":"category","embeddable":true,"href":"https:\/\/webdealta.info\/index.php?rest_route=%2Fwp%2Fv2%2Fcategories&post=5034"},{"taxonomy":"post_tag","embeddable":true,"href":"https:\/\/webdealta.info\/index.php?rest_route=%2Fwp%2Fv2%2Ftags&post=5034"}],"curies":[{"name":"wp","href":"https:\/\/api.w.org\/{rel}","templated":true}]}}