{"id":5029,"date":"2022-07-03T21:31:14","date_gmt":"2022-07-04T01:31:14","guid":{"rendered":"https:\/\/webdealta.info\/?p=5029"},"modified":"2022-07-03T21:39:47","modified_gmt":"2022-07-04T01:39:47","slug":"gobernador-firmo-decreto-del-premio-de-periodismo-william-lara","status":"publish","type":"post","link":"https:\/\/webdealta.info\/?p=5029","title":{"rendered":"Gobernador firm\u00f3 decreto del premio de periodismo William Lara"},"content":{"rendered":"\n<p>Con la frase de Gabriel Garc\u00eda M\u00e1rquez \u201cel periodismo es el mejor oficio del mundo\u201d, el gobernador del estado Gu\u00e1rico Jos\u00e9 V\u00e1squez, se\u00f1al\u00f3 que impulsar\u00e1 el Premio Regional de Periodismo William Lara, anuncio que hizo en medio de un encuentro con comunicadores de la entidad, celebrado el pasado viernes en la sede del Consejo Legislativo.<\/p>\n\n\n\n<p>V\u00e1squez luego de recordar grandes experiencias con los periodistas destacados de la entidad, firm\u00f3 el decreto en el cual se enaltecer\u00e1 de manera legal el premio regional, pues de esta manera se honrar\u00e1 el trabajo y esfuerzo que hacen cada uno de los hombres y mujeres en las distintas ramas de este oficio, tales como radio, televisi\u00f3n, redes sociales, medios impresos y digitales, entre otros.<\/p>\n\n\n\n<p>En ese sentido, el Mandatario Regional explic\u00f3 que este decreto tiene como objetivo reimpulsar el Premio Regional del Periodismo \u201cWilliam Lara\u201d, que se entregar\u00e1 el 27 de junio de cada a\u00f1o, asimismo el gobernador destac\u00f3 que con este homenaje buscar\u00e1 \u201creconocer la labor m\u00e1s destacada entre los profesionales de la comunicaci\u00f3n social que ejercen su profesi\u00f3n en funci\u00f3n del desarrollo de la localidad\u201d.<\/p>\n\n\n\n<p>Este premio regional del periodismo informativo estar\u00e1 regido por un jurado, que ser\u00e1 conformado por un cronista de la ciudad, un miembro designado por el Gobernador, un miembro designado por el Consejo Legislativo, un miembro designado por la Representaci\u00f3n Gremial (CNP) y un miembro del Poder Popular.<br>Premiaciones a otorgar: <br>\u2022 Premio Regional de Periodismo Informativo. Menciones: Impreso, Radial y Televisivo<br>\u2022 Premio Regional Fot\u00f3grafo Del A\u00f1o<br>\u2022 Premio Regional Camar\u00f3grafo Del A\u00f1o<\/p>\n\n\n\n<p>Ciudad Gu\u00e1rico<br>Jhoana L\u00f3pez<br>@jhoanalabrujis<br>Fotos: Eduardo Barrios<\/p>\n","protected":false},"excerpt":{"rendered":"<p>Con la frase de Gabriel Garc\u00eda M\u00e1rquez \u201cel periodismo es el mejor oficio del mundo\u201d, el gobernador del estado Gu\u00e1rico Jos\u00e9 V\u00e1squez, se\u00f1al\u00f3 que impulsar\u00e1 el Premio Regional de Periodismo William Lara, anuncio que hizo en medio de un encuentro con comunicadores de la entidad, celebrado el pasado viernes en<\/p>\n","protected":false},"author":2,"featured_media":5030,"comment_status":"open","ping_status":"open","sticky":false,"template":"","format":"standard","meta":{"advanced_seo_description":"","jetpack_seo_html_title":"","jetpack_seo_noindex":false,"_jetpack_memberships_contains_paid_content":false,"footnotes":"","jetpack_publicize_message":"","jetpack_publicize_feature_enabled":true,"jetpack_social_post_already_shared":true,"jetpack_social_options":{"image_generator_settings":{"template":"highway","enabled":false},"version":2}},"categories":[66],"tags":[8,7,32],"class_list":["post-5029","post","type-post","status-publish","format-standard","has-post-thumbnail","hentry","category-regionales","tag-altagraciadeorituco","tag-guarico","tag-webdealta",""],"jetpack_publicize_connections":[],"jetpack_featured_media_url":"https:\/\/webdealta.info\/wp-content\/uploads\/2022\/07\/premio-periodismo-webdealta.png","jetpack_sharing_enabled":true,"jetpack_likes_enabled":true,"jetpack-related-posts":[],"jetpack_shortlink":"https:\/\/wp.me\/pcseDn-1j7","_links":{"self":[{"href":"https:\/\/webdealta.info\/index.php?rest_route=\/wp\/v2\/posts\/5029","targetHints":{"allow":["GET"]}}],"collection":[{"href":"https:\/\/webdealta.info\/index.php?rest_route=\/wp\/v2\/posts"}],"about":[{"href":"https:\/\/webdealta.info\/index.php?rest_route=\/wp\/v2\/types\/post"}],"author":[{"embeddable":true,"href":"https:\/\/webdealta.info\/index.php?rest_route=\/wp\/v2\/users\/2"}],"replies":[{"embeddable":true,"href":"https:\/\/webdealta.info\/index.php?rest_route=%2Fwp%2Fv2%2Fcomments&post=5029"}],"version-history":[{"count":2,"href":"https:\/\/webdealta.info\/index.php?rest_route=\/wp\/v2\/posts\/5029\/revisions"}],"predecessor-version":[{"id":5032,"href":"https:\/\/webdealta.info\/index.php?rest_route=\/wp\/v2\/posts\/5029\/revisions\/5032"}],"wp:featuredmedia":[{"embeddable":true,"href":"https:\/\/webdealta.info\/index.php?rest_route=\/wp\/v2\/media\/5030"}],"wp:attachment":[{"href":"https:\/\/webdealta.info\/index.php?rest_route=%2Fwp%2Fv2%2Fmedia&parent=5029"}],"wp:term":[{"taxonomy":"category","embeddable":true,"href":"https:\/\/webdealta.info\/index.php?rest_route=%2Fwp%2Fv2%2Fcategories&post=5029"},{"taxonomy":"post_tag","embeddable":true,"href":"https:\/\/webdealta.info\/index.php?rest_route=%2Fwp%2Fv2%2Ftags&post=5029"}],"curies":[{"name":"wp","href":"https:\/\/api.w.org\/{rel}","templated":true}]}}