{"id":5025,"date":"2022-07-02T11:39:47","date_gmt":"2022-07-02T15:39:47","guid":{"rendered":"https:\/\/webdealta.info\/?p=5025"},"modified":"2022-07-02T11:39:48","modified_gmt":"2022-07-02T15:39:48","slug":"aguas-servidas-prioridad-de-brisas-del-orituco","status":"publish","type":"post","link":"https:\/\/webdealta.info\/?p=5025","title":{"rendered":"Aguas servidas prioridad de Brisas del Orituco"},"content":{"rendered":"\n<p>Durante el mes de junio, el equipo del Observatorio Ciudadano de Pol\u00edticas P\u00fablicas Municipales La Gente Propone, mediante actividades que promueven la participaci\u00f3n de la comunidad con autoridades locales y expertos llev\u00f3 a cabo un taller sobre gesti\u00f3n comunitaria en el sector Brisas del Orituco, para hacer un balance de los acuerdos generados en el encuentro ciudadano realizado en el mes de mayo.<\/p>\n\n\n\n<p>Este espacio cont\u00f3 con Alexis Barahona, director de Servicios P\u00fablicos del municipio Jos\u00e9 Tadeo Monagas, quien acord\u00f3 ante los asistentes, la entrega de 126 metros de tuber\u00eda para dar soluci\u00f3n a la problem\u00e1tica de aguas servidas en una parte del sector, las cuales, seg\u00fan lo que inform\u00f3 la ciudadana Dorkas Pabliquez, no se podr\u00e1n utilizar, pues se necesitan tuber\u00edas de 8 pulgadas de di\u00e1metro y no de 4 pulgadas que es con lo que contaba la alcald\u00eda.<\/p>\n\n\n\n<p>Ante esta disyuntiva, seg\u00fan lo explicado por el l\u00edder comunitario Rob\u00edn Pern\u00eda, la alcald\u00eda logr\u00f3 conseguir hasta los momentos 14 tuber\u00edas de 6 metros con las caracter\u00edsticas solicitadas, las cuales hacen un total de 84 metros que ser\u00e1n instalados, una vez terminen con los trabajos que la alcald\u00eda est\u00e1 realizando actualmente en el sector Botal\u00f3n.<\/p>\n\n\n\n<p>Para la fecha, 269 familias no cuentan con un sistema de recolecci\u00f3n de aguas servidas en el sector, pues en un \u00e1rea de 5200 metros que tiene la comunidad, solo 45 metros cuentan con este servicio. Es decir, m\u00e1s del 90% de la poblaci\u00f3n se ve afectada. Durante la conversaci\u00f3n, los ciudadanos detallaron que muchos vecinos optaron por abrir zanjas que desembocan en la calle principal, lo cual causa preocupaci\u00f3n debido al problema de salud p\u00fablica que esto representa.<\/p>\n\n\n\n<p>Entre las acciones del equipo de La Gente Propone y el grupo de veedur\u00eda ciudadana, se realizar\u00e1 un recorrido con la concejal Andreina Zerpa, esto con la finalidad de documentar la situaci\u00f3n de los servicios p\u00fablicos en la comunidad y as\u00ed hacer seguimiento a los acuerdos emitidos en la mesa de di\u00e1logo donde abordaron otras problem\u00e1ticas referentes a las tomas ilegales de electricidad, el mal estado de la vialidad y la falta de servicio de agua potable.<\/p>\n\n\n\n<p>El Observatorio Ciudadano de Pol\u00edticas P\u00fablicas, La Gente Propone, es un proyecto impulsado por el Grupo Social CESAP a trav\u00e9s de su asociada Acci\u00f3n Campesina, el cual promueve la participaci\u00f3n ciudadana y busca motivar, informar y capacitar a los ciudadanos para exponer problemas y propuestas ante los entes municipales referente al funcionamiento de los servicios p\u00fablicos.<\/p>\n\n\n\n<p>Yaneth Chique<\/p>\n\n\n\n<p>Reportera La Gente Propone Jos\u00e9 Tadeo Monagas    <\/p>\n\n\n\n<p><\/p>\n","protected":false},"excerpt":{"rendered":"<p>Durante el mes de junio, el equipo del Observatorio Ciudadano de Pol\u00edticas P\u00fablicas Municipales La Gente Propone, mediante actividades que promueven la participaci\u00f3n de la comunidad con autoridades locales y expertos llev\u00f3 a cabo un taller sobre gesti\u00f3n comunitaria en el sector Brisas del Orituco, para hacer un balance de<\/p>\n","protected":false},"author":2,"featured_media":5026,"comment_status":"open","ping_status":"open","sticky":false,"template":"","format":"standard","meta":{"advanced_seo_description":"","jetpack_seo_html_title":"","jetpack_seo_noindex":false,"_jetpack_memberships_contains_paid_content":false,"footnotes":"","jetpack_publicize_message":"","jetpack_publicize_feature_enabled":true,"jetpack_social_post_already_shared":true,"jetpack_social_options":{"image_generator_settings":{"template":"highway","enabled":false},"version":2}},"categories":[89],"tags":[8,7,32],"class_list":["post-5025","post","type-post","status-publish","format-standard","has-post-thumbnail","hentry","category-comunidad","tag-altagraciadeorituco","tag-guarico","tag-webdealta",""],"jetpack_publicize_connections":[],"jetpack_featured_media_url":"https:\/\/webdealta.info\/wp-content\/uploads\/2022\/07\/brisas-del-orituco-webdealta.png","jetpack_sharing_enabled":true,"jetpack_likes_enabled":true,"jetpack-related-posts":[],"jetpack_shortlink":"https:\/\/wp.me\/pcseDn-1j3","_links":{"self":[{"href":"https:\/\/webdealta.info\/index.php?rest_route=\/wp\/v2\/posts\/5025","targetHints":{"allow":["GET"]}}],"collection":[{"href":"https:\/\/webdealta.info\/index.php?rest_route=\/wp\/v2\/posts"}],"about":[{"href":"https:\/\/webdealta.info\/index.php?rest_route=\/wp\/v2\/types\/post"}],"author":[{"embeddable":true,"href":"https:\/\/webdealta.info\/index.php?rest_route=\/wp\/v2\/users\/2"}],"replies":[{"embeddable":true,"href":"https:\/\/webdealta.info\/index.php?rest_route=%2Fwp%2Fv2%2Fcomments&post=5025"}],"version-history":[{"count":1,"href":"https:\/\/webdealta.info\/index.php?rest_route=\/wp\/v2\/posts\/5025\/revisions"}],"predecessor-version":[{"id":5027,"href":"https:\/\/webdealta.info\/index.php?rest_route=\/wp\/v2\/posts\/5025\/revisions\/5027"}],"wp:featuredmedia":[{"embeddable":true,"href":"https:\/\/webdealta.info\/index.php?rest_route=\/wp\/v2\/media\/5026"}],"wp:attachment":[{"href":"https:\/\/webdealta.info\/index.php?rest_route=%2Fwp%2Fv2%2Fmedia&parent=5025"}],"wp:term":[{"taxonomy":"category","embeddable":true,"href":"https:\/\/webdealta.info\/index.php?rest_route=%2Fwp%2Fv2%2Fcategories&post=5025"},{"taxonomy":"post_tag","embeddable":true,"href":"https:\/\/webdealta.info\/index.php?rest_route=%2Fwp%2Fv2%2Ftags&post=5025"}],"curies":[{"name":"wp","href":"https:\/\/api.w.org\/{rel}","templated":true}]}}