{"id":5020,"date":"2022-07-02T10:30:25","date_gmt":"2022-07-02T14:30:25","guid":{"rendered":"https:\/\/webdealta.info\/?p=5020"},"modified":"2022-07-02T10:31:52","modified_gmt":"2022-07-02T14:31:52","slug":"el-poder-del-conocimiento-la-primera-imprenta-de-altagracia-de-orituco","status":"publish","type":"post","link":"https:\/\/webdealta.info\/?p=5020","title":{"rendered":"El Poder del Conocimiento: la primera imprenta de Altagracia de Orituco"},"content":{"rendered":"\n<p>Amanda Saldivia.-<\/p>\n\n\n\n<p>Presentamos la historia de la primera imprenta que fue tra\u00edda a Altagracia de Orituco y que abri\u00f3 a esta regi\u00f3n al mundo del periodismo. Ese fue el tema del reciente micro El Poder del Conocimiento, iniciativa de la empresa Promasorca de Altagracia de Orituco, Gu\u00e1rico, con la finalidad de enriquecer los saberes con curiosidades, an\u00e9cdotas e historias interesantes de nuestra regi\u00f3n Orituque\u00f1a y del mundo.<\/p>\n\n\n\n<p>En el libro Apuntaciones para la Historia de Adolfo Antonio Machado, est\u00e1 escrito que la iniciativa fue de Jos\u00e9 Antonio Hurtado Mancebo, quien trajo a esta tierra guarique\u00f1a esa peque\u00f1a imprenta, la cual fue costeada por varios accionistas, a quienes les pareci\u00f3 una buena inversi\u00f3n tener ese equipo que permitir\u00eda la edici\u00f3n de peri\u00f3dicos y otros materiales impresos.<\/p>\n\n\n\n<p>No es dif\u00edcil imaginar a Altagracia hace 140 a\u00f1os y la gesti\u00f3n de Jos\u00e9 Antonio Hurtado Mancebo, conversando con otros comerciantes para que invirtieran en la imprenta, porque tambi\u00e9n era importante para la publicidad.<\/p>\n\n\n\n<p>Al llegar la imprenta comenzaron los preparativos, hacer las pruebas de impresi\u00f3n, definir el contenido del peri\u00f3dico, y otras gestiones importantes para echar a andar el proyecto, el cual se cristaliz\u00f3 el 12 de agosto de 1882 cuando sale el primer n\u00famero del peri\u00f3dico y fue bautizado con el nombre La Oriflama del Progreso.<\/p>\n\n\n\n<p>Los responsables, fueron el propio Jos\u00e9 Antonio Hurtado Mancebo, acompa\u00f1ado por Amenodoro Torrealba, y los contenidos para esa \u00e9poca era ensayos literarios y notas sobre la vida social de Altagracia.<\/p>\n\n\n\n<p>Despu\u00e9s de la Oriflama, imprimieron El Sol de Orituco, que serv\u00eda precisamente como \u00f3rgano de publicidad de la f\u00e1brica de cigarrillos que ten\u00eda Hurtado Mancebo en las cercan\u00edas del mercado y que llevaba el mismo nombre de ese peri\u00f3dico, seg\u00fan apunt\u00f3 Adolfo Antonio Machado en su obra.<\/p>\n\n\n\n<p>Seguramente algunos de ustedes, se ha fijado que en la calle Adolfo Chataing, un poco m\u00e1s delante del cruce con la Chapaiguana, est\u00e1 una casa que tiene una placa de m\u00e1rmol en la pared, en ella se puede leer: \u00abEn esta casa vivi\u00f3 y muri\u00f3 Don Jos\u00e9 Antonio Hurtado Mancebo, quien trajo al pueblo la primera imprenta y fund\u00f3 la Oriflama del Progreso, su primer peri\u00f3dico, el 12 de agosto de 1882. La Fundaci\u00f3n Dr. Pedro Mar\u00eda Ar\u00e9valo le rinde este merecido homenaje con motivo del centenario de ese hist\u00f3rico suceso. Fecha 12 de agosto de 1982\u00bb.<\/p>\n\n\n\n<p>Sin lugar a dudas, este fue un merecido reconocimiento a la memoria de Hurtado Mancebo y la iniciativa de traer la primera imprenta, nos sit\u00faa en una poblaci\u00f3n que, aunque peque\u00f1a, siempre tuvo visionarios, personas que quer\u00edan hacerla crecer y esos primeros pasos sirvieron para impulsar el periodismo en esta regi\u00f3n, el amor por las letras, adem\u00e1s del impacto positivo en el \u00e1mbito educativo y comercial.<\/p>\n\n\n\n<p>&nbsp;@amandasaldivia   <\/p>\n\n\n\n<p>Foto de la imprenta cortes\u00eda <\/p>\n","protected":false},"excerpt":{"rendered":"<p>Amanda Saldivia.- Presentamos la historia de la primera imprenta que fue tra\u00edda a Altagracia de Orituco y que abri\u00f3 a esta regi\u00f3n al mundo del periodismo. Ese fue el tema del reciente micro El Poder del Conocimiento, iniciativa de la empresa Promasorca de Altagracia de Orituco, Gu\u00e1rico, con la finalidad<\/p>\n","protected":false},"author":2,"featured_media":5021,"comment_status":"open","ping_status":"open","sticky":false,"template":"","format":"standard","meta":{"advanced_seo_description":"","jetpack_seo_html_title":"","jetpack_seo_noindex":false,"_jetpack_memberships_contains_paid_content":false,"footnotes":"","jetpack_publicize_message":"","jetpack_publicize_feature_enabled":true,"jetpack_social_post_already_shared":true,"jetpack_social_options":{"image_generator_settings":{"template":"highway","enabled":false},"version":2}},"categories":[302],"tags":[8,7,32],"class_list":["post-5020","post","type-post","status-publish","format-standard","has-post-thumbnail","hentry","category-el-poder-del-conocimiento","tag-altagraciadeorituco","tag-guarico","tag-webdealta",""],"jetpack_publicize_connections":[],"jetpack_featured_media_url":"https:\/\/webdealta.info\/wp-content\/uploads\/2022\/07\/la-primera-imprenta-webdealta-promasorca.png","jetpack_sharing_enabled":true,"jetpack_likes_enabled":true,"jetpack-related-posts":[],"jetpack_shortlink":"https:\/\/wp.me\/pcseDn-1iY","_links":{"self":[{"href":"https:\/\/webdealta.info\/index.php?rest_route=\/wp\/v2\/posts\/5020","targetHints":{"allow":["GET"]}}],"collection":[{"href":"https:\/\/webdealta.info\/index.php?rest_route=\/wp\/v2\/posts"}],"about":[{"href":"https:\/\/webdealta.info\/index.php?rest_route=\/wp\/v2\/types\/post"}],"author":[{"embeddable":true,"href":"https:\/\/webdealta.info\/index.php?rest_route=\/wp\/v2\/users\/2"}],"replies":[{"embeddable":true,"href":"https:\/\/webdealta.info\/index.php?rest_route=%2Fwp%2Fv2%2Fcomments&post=5020"}],"version-history":[{"count":2,"href":"https:\/\/webdealta.info\/index.php?rest_route=\/wp\/v2\/posts\/5020\/revisions"}],"predecessor-version":[{"id":5023,"href":"https:\/\/webdealta.info\/index.php?rest_route=\/wp\/v2\/posts\/5020\/revisions\/5023"}],"wp:featuredmedia":[{"embeddable":true,"href":"https:\/\/webdealta.info\/index.php?rest_route=\/wp\/v2\/media\/5021"}],"wp:attachment":[{"href":"https:\/\/webdealta.info\/index.php?rest_route=%2Fwp%2Fv2%2Fmedia&parent=5020"}],"wp:term":[{"taxonomy":"category","embeddable":true,"href":"https:\/\/webdealta.info\/index.php?rest_route=%2Fwp%2Fv2%2Fcategories&post=5020"},{"taxonomy":"post_tag","embeddable":true,"href":"https:\/\/webdealta.info\/index.php?rest_route=%2Fwp%2Fv2%2Ftags&post=5020"}],"curies":[{"name":"wp","href":"https:\/\/api.w.org\/{rel}","templated":true}]}}