{"id":5016,"date":"2022-07-01T14:56:02","date_gmt":"2022-07-01T18:56:02","guid":{"rendered":"https:\/\/webdealta.info\/?p=5016"},"modified":"2022-07-01T14:56:03","modified_gmt":"2022-07-01T18:56:03","slug":"se-incendio-camioneta-de-pasajeros","status":"publish","type":"post","link":"https:\/\/webdealta.info\/?p=5016","title":{"rendered":"Se incendi\u00f3 camioneta de pasajeros"},"content":{"rendered":"\n<p>Amanda Saldivia.-<\/p>\n\n\n\n<p>Una camioneta de pasajeros, afiliada a la l\u00ednea Bicentenario, se incendi\u00f3 en la ma\u00f1ana de este viernes primero de julio, momentos cuando circulaba por la carretera nacional v\u00eda oriente, a la altura del geri\u00e1trico Madre Candelaria de Altagracia de Orituco, Gu\u00e1rico.<\/p>\n\n\n\n<p>Afortunadamente la unidad no llevaba pasajeros a bordo, solo el chofer, quien result\u00f3 ileso. De acuerdo al reporte del coronel Denis Dur\u00e1n, comandante del Cuerpo de Bomberos Andr\u00e9 Fourneau, siete funcionarios de esa instituci\u00f3n, al mando del capit\u00e1n Jos\u00e9 Salcedo, acudieron al lugar y procedieron a sofocar las llamas. Tambi\u00e9n se presentaron comisiones del Centro de Coordinaci\u00f3n Policial Nro. 14.<\/p>\n\n\n\n<p>La unidad es modelo Andina, de 25 puestos, a\u00f1o 1986, la cual era conducida por Joaqu\u00edn Pinto. Ser\u00e1 el informe final de este cuerpo, el que determinar\u00e1 la causa del incendio que consumi\u00f3 este veh\u00edculo de transporte colectivo.<\/p>\n\n\n\n<p>@amandasaldivia<\/p>\n\n\n\n<p>Fotos: cortes\u00eda  <\/p>\n\n\n\n<p><\/p>\n","protected":false},"excerpt":{"rendered":"<p>Amanda Saldivia.- Una camioneta de pasajeros, afiliada a la l\u00ednea Bicentenario, se incendi\u00f3 en la ma\u00f1ana de este viernes primero de julio, momentos cuando circulaba por la carretera nacional v\u00eda oriente, a la altura del geri\u00e1trico Madre Candelaria de Altagracia de Orituco, Gu\u00e1rico. Afortunadamente la unidad no llevaba pasajeros a<\/p>\n","protected":false},"author":2,"featured_media":5017,"comment_status":"open","ping_status":"open","sticky":false,"template":"","format":"standard","meta":{"advanced_seo_description":"","jetpack_seo_html_title":"","jetpack_seo_noindex":false,"_jetpack_memberships_contains_paid_content":false,"footnotes":"","jetpack_publicize_message":"","jetpack_publicize_feature_enabled":true,"jetpack_social_post_already_shared":true,"jetpack_social_options":{"image_generator_settings":{"template":"highway","enabled":false},"version":2}},"categories":[234],"tags":[8,7,32],"class_list":["post-5016","post","type-post","status-publish","format-standard","has-post-thumbnail","hentry","category-sucesos","tag-altagraciadeorituco","tag-guarico","tag-webdealta",""],"jetpack_publicize_connections":[],"jetpack_featured_media_url":"https:\/\/webdealta.info\/wp-content\/uploads\/2022\/07\/camioneta-incendio-webdealta.png","jetpack_sharing_enabled":true,"jetpack_likes_enabled":true,"jetpack-related-posts":[],"jetpack_shortlink":"https:\/\/wp.me\/pcseDn-1iU","_links":{"self":[{"href":"https:\/\/webdealta.info\/index.php?rest_route=\/wp\/v2\/posts\/5016","targetHints":{"allow":["GET"]}}],"collection":[{"href":"https:\/\/webdealta.info\/index.php?rest_route=\/wp\/v2\/posts"}],"about":[{"href":"https:\/\/webdealta.info\/index.php?rest_route=\/wp\/v2\/types\/post"}],"author":[{"embeddable":true,"href":"https:\/\/webdealta.info\/index.php?rest_route=\/wp\/v2\/users\/2"}],"replies":[{"embeddable":true,"href":"https:\/\/webdealta.info\/index.php?rest_route=%2Fwp%2Fv2%2Fcomments&post=5016"}],"version-history":[{"count":1,"href":"https:\/\/webdealta.info\/index.php?rest_route=\/wp\/v2\/posts\/5016\/revisions"}],"predecessor-version":[{"id":5018,"href":"https:\/\/webdealta.info\/index.php?rest_route=\/wp\/v2\/posts\/5016\/revisions\/5018"}],"wp:featuredmedia":[{"embeddable":true,"href":"https:\/\/webdealta.info\/index.php?rest_route=\/wp\/v2\/media\/5017"}],"wp:attachment":[{"href":"https:\/\/webdealta.info\/index.php?rest_route=%2Fwp%2Fv2%2Fmedia&parent=5016"}],"wp:term":[{"taxonomy":"category","embeddable":true,"href":"https:\/\/webdealta.info\/index.php?rest_route=%2Fwp%2Fv2%2Fcategories&post=5016"},{"taxonomy":"post_tag","embeddable":true,"href":"https:\/\/webdealta.info\/index.php?rest_route=%2Fwp%2Fv2%2Ftags&post=5016"}],"curies":[{"name":"wp","href":"https:\/\/api.w.org\/{rel}","templated":true}]}}