{"id":5012,"date":"2022-06-30T14:30:49","date_gmt":"2022-06-30T18:30:49","guid":{"rendered":"https:\/\/webdealta.info\/?p=5012"},"modified":"2022-06-30T14:30:50","modified_gmt":"2022-06-30T18:30:50","slug":"organos-de-defensa-integral-activan-plan-preventivo-de-riesgos-en-guarico","status":"publish","type":"post","link":"https:\/\/webdealta.info\/?p=5012","title":{"rendered":"\u00d3rganos de Defensa Integral activan Plan Preventivo de Riesgos en Gu\u00e1rico"},"content":{"rendered":"\n<p>Ante la alerta que recientemente hizo el ejecutivo nacional, en torno a las posibles consecuencias que traer\u00eda al territorio el potencial cicl\u00f3n tropical, fue activado el \u00d3rgano Regional de Direcci\u00f3n de Defensa Integral (ODDI), para dar respuestas inmediatas a las situaciones de riesgos clim\u00e1ticos que se puedan presentar dentro del territorio llanero y garantizar la protecci\u00f3n de cada uno de los ciudadanos.<\/p>\n\n\n\n<p>As\u00ed lo dio a conocer el comandante de la Regi\u00f3n Estrat\u00e9gica de Defensa Integral Los Llanos, M\/G Santiago Alejandro Infante desde la Secretar\u00eda General de la Gobernaci\u00f3n de esta entidad llanera, resaltando que a pesar que Gu\u00e1rico, no se encuentra dentro de la lista de los estados alertados que tendr\u00e1n mayor afectaci\u00f3n a nivel nacional, se ha desplegado un accionar preventivo acoplado a lo que tiene que ver con el \u00abPlan de Lluvias 2022\u00bb.<\/p>\n\n\n\n<p>Mencion\u00f3 que entre las tareas preventivas destaca el seguimiento a las cuencas hidrogr\u00e1ficas del estado donde generalmente se vive afectaciones negativas debido a las lluvias, siendo est\u00e1s el R\u00edo Orinoco que afecta a la poblaci\u00f3n de Cabruta, municipio Juan Jos\u00e9 Rond\u00f3n; los R\u00edos Apure y Portuguesa al sur, limitando con los municipios San Jer\u00f3nimo de Guayabal y Esteros de Camagu\u00e1n; la represa Generoso Campilongo en Calabozo, adem\u00e1s de determinar zonas cr\u00edticas de deslaves y anegaciones junto al equipo de Gesti\u00f3n de Riesgos y la ODDI.<\/p>\n\n\n\n<p>El Comandante de la REDI Los Llanos, indic\u00f3 tambi\u00e9n que se han determinado sitios que permitan constituir un albergue de acuerdo a las geograf\u00edas del territorio guarique\u00f1o mediante el despliegue de las ODDI a nivel municipal profundizando la conformaci\u00f3n del mapa de riesgo de la entidad.<\/p>\n\n\n\n<p>Por tanto, indic\u00f3 que se ha dispuesto del n\u00famero telef\u00f3nico 0246-431-7151 perteneciente a la direcci\u00f3n de Protecci\u00f3n Civil de Gu\u00e1rico, donde la poblaci\u00f3n podr\u00e1 realizar sus llamados de emergencias, adem\u00e1s de destacar la articulaci\u00f3n de trabajo dentro del 1&#215;10 del Buen Gobierno.<\/p>\n\n\n\n<p>La activaci\u00f3n de la ODDI regional cont\u00f3 con la participaci\u00f3n de las principales autoridades militares a nivel regional como G\/D Nayade Solovenly Lockiby Belmontes, comandante de la Zona Operativa de Defensa Integral 35 (ZODI Gu\u00e1rico); el secretario general de gobierno de Gu\u00e1rico, G\/D Roger Cordero Lara en representaci\u00f3n del gobernador Jos\u00e9 V\u00e1squez; G\/D Luiger Ugas Medina secretario de Seguridad y Defensa Ciudadana; G\/D Jos\u00e9 Carlos Hern\u00e1ndez, secretario ejecutivo para la Soberan\u00eda, Seguridad y Paz, entre otros representantes de organismos militares, policiales, preventivos.\/MG<\/p>\n\n\n\n<p><strong>Sibci Gu\u00e1rico<\/strong>\/foto cortes\u00eda Sibci Gu\u00e1rico<\/p>\n","protected":false},"excerpt":{"rendered":"<p>Ante la alerta que recientemente hizo el ejecutivo nacional, en torno a las posibles consecuencias que traer\u00eda al territorio el potencial cicl\u00f3n tropical, fue activado el \u00d3rgano Regional de Direcci\u00f3n de Defensa Integral (ODDI), para dar respuestas inmediatas a las situaciones de riesgos clim\u00e1ticos que se puedan presentar dentro del<\/p>\n","protected":false},"author":2,"featured_media":5013,"comment_status":"open","ping_status":"open","sticky":false,"template":"","format":"standard","meta":{"advanced_seo_description":"","jetpack_seo_html_title":"","jetpack_seo_noindex":false,"_jetpack_memberships_contains_paid_content":false,"footnotes":"","jetpack_publicize_message":"","jetpack_publicize_feature_enabled":true,"jetpack_social_post_already_shared":true,"jetpack_social_options":{"image_generator_settings":{"template":"highway","enabled":false},"version":2}},"categories":[135],"tags":[8,7,32],"class_list":["post-5012","post","type-post","status-publish","format-standard","has-post-thumbnail","hentry","category-prevencion","tag-altagraciadeorituco","tag-guarico","tag-webdealta",""],"jetpack_publicize_connections":[],"jetpack_featured_media_url":"https:\/\/webdealta.info\/wp-content\/uploads\/2022\/06\/2-Plan-de-Acciones-Preventivas-fue.jpg","jetpack_sharing_enabled":true,"jetpack_likes_enabled":true,"jetpack-related-posts":[],"jetpack_shortlink":"https:\/\/wp.me\/pcseDn-1iQ","_links":{"self":[{"href":"https:\/\/webdealta.info\/index.php?rest_route=\/wp\/v2\/posts\/5012","targetHints":{"allow":["GET"]}}],"collection":[{"href":"https:\/\/webdealta.info\/index.php?rest_route=\/wp\/v2\/posts"}],"about":[{"href":"https:\/\/webdealta.info\/index.php?rest_route=\/wp\/v2\/types\/post"}],"author":[{"embeddable":true,"href":"https:\/\/webdealta.info\/index.php?rest_route=\/wp\/v2\/users\/2"}],"replies":[{"embeddable":true,"href":"https:\/\/webdealta.info\/index.php?rest_route=%2Fwp%2Fv2%2Fcomments&post=5012"}],"version-history":[{"count":1,"href":"https:\/\/webdealta.info\/index.php?rest_route=\/wp\/v2\/posts\/5012\/revisions"}],"predecessor-version":[{"id":5014,"href":"https:\/\/webdealta.info\/index.php?rest_route=\/wp\/v2\/posts\/5012\/revisions\/5014"}],"wp:featuredmedia":[{"embeddable":true,"href":"https:\/\/webdealta.info\/index.php?rest_route=\/wp\/v2\/media\/5013"}],"wp:attachment":[{"href":"https:\/\/webdealta.info\/index.php?rest_route=%2Fwp%2Fv2%2Fmedia&parent=5012"}],"wp:term":[{"taxonomy":"category","embeddable":true,"href":"https:\/\/webdealta.info\/index.php?rest_route=%2Fwp%2Fv2%2Fcategories&post=5012"},{"taxonomy":"post_tag","embeddable":true,"href":"https:\/\/webdealta.info\/index.php?rest_route=%2Fwp%2Fv2%2Ftags&post=5012"}],"curies":[{"name":"wp","href":"https:\/\/api.w.org\/{rel}","templated":true}]}}