{"id":5009,"date":"2022-06-30T00:38:54","date_gmt":"2022-06-30T04:38:54","guid":{"rendered":"https:\/\/webdealta.info\/?p=5009"},"modified":"2022-06-30T00:39:39","modified_gmt":"2022-06-30T04:39:39","slug":"distinguieron-a-comunicadores-con-orden-honor-al-merito-pedro-chacin","status":"publish","type":"post","link":"https:\/\/webdealta.info\/?p=5009","title":{"rendered":"Distinguieron a comunicadores con Orden Honor al M\u00e9rito Pedro Chac\u00edn"},"content":{"rendered":"\n<p>Amanda Saldivia.-<\/p>\n\n\n\n<p>Con la orden Honor al M\u00e9rito Pedro Chac\u00edn, el Concejo Municipal y la alcald\u00eda del Municipio Jos\u00e9 Tadeo Monagas, distinguieron a comunicadores sociales, reporteros gr\u00e1ficos, locutores y productores de medios de comunicaci\u00f3n, en la sesi\u00f3n especial convocada para celebrar el D\u00eda del Periodista, este mi\u00e9rcoles 29 de junio, en Altagracia de Orituco, Gu\u00e1rico.<\/p>\n\n\n\n<p>La oradora de orden fue la periodista Mercedes Chac\u00edn, hermana del destacado comunicador social gracitano Pedro Chac\u00edn, quien se distingui\u00f3 por su fino humor, por la creatividad, por la pasi\u00f3n que le imprim\u00eda al trabajo, particularmente en la faceta como director de la revista Feriado de El Nacional, la cual era esperada todos los domingos por su valioso contenido, entre ellos El Manual del Levante y otras Pedradas.<\/p>\n\n\n\n<p>En ella, daba luces de c\u00f3mo conquistar a una mujer de acuerdo a su profesi\u00f3n u oficio, lo que despertaba posiciones contradictorias en los lectores, quienes no entendida que de risas se trataba esa publicaci\u00f3n, la cual posteriormente fue editada por familiares de Pedro Chac\u00edn, en homenaje a su memoria.<\/p>\n\n\n\n<p>Para Mercedes Chac\u00edn, no fue f\u00e1cil hablar de su hermano, porque este parti\u00f3 a la edad de 36 a\u00f1os, en medio de un accidente de tr\u00e1nsito en el a\u00f1o 1993, en Caracas, que de acuerdo a lo expresado \u201csu partida nos dej\u00f3 un tanto atolondrados\u201d, porque quienes lo conocieron fueron marcados por su personalidad, \u201cen la que destacaba la solidaridad, la alegr\u00eda y una inteligencia por encima del promedio\u201d.<\/p>\n\n\n\n<p>En varias ocasiones hubo momentos de silencio, pero Mercedes Chac\u00edn retom\u00f3 la palabra para se\u00f1alar que \u201cPedro rompi\u00f3 corazones, pero el suyo andaba bien remendado, quienes lo recuerdan y compartieron sus aventuras, en esa vida ef\u00edmeramente intensa\u201d.<\/p>\n\n\n\n<p>Durante el discurso cit\u00f3 al profesor de la escuela de Comunicaci\u00f3n Social de la UCV Earle Herrera, amigo de Pedro, a quien ella considera que lo describi\u00f3 perfectamente en las siguientes frases: \u201chombre de humor permanente, alguna vez vi en sus ojos destellar la tristeza&#8230;cierta vez me confes\u00f3 en un barranco y qui\u00e9n est\u00e1 exento de ello, en una vida llena de agujeros y me dijo que para hacer m\u00e1s llevadero el hueco vital, all\u00e1 abajo hab\u00eda sembrado unas florecitas y las regaba cada d\u00eda, bueno le dije, as\u00ed es como se hace\u201d.<\/p>\n\n\n\n<p>Las emotivas palabras de Mercedes Chac\u00edn fueron expresadas frente a su mam\u00e1, la se\u00f1ora Victoria D\u00edaz y sus hermanos Lizardo y Luis Chac\u00edn, adem\u00e1s de amigos del liceo de este comunicador, quienes fueron invitados para que compartieran la alegr\u00eda de la creaci\u00f3n de una orden Honor al M\u00e9rito Pedro Chac\u00edn.<\/p>\n\n\n\n<p>La sesi\u00f3n fue presidida por el concejal Julio Silvera, acompa\u00f1ado por el alcalde Pedro Sol\u00f3rzano. Este \u00faltimo, agradeci\u00f3 la presencia de los invitados especiales, periodistas, locutores y creadores de contenidos, al tiempo que resalt\u00f3 la importancia de la Orden al M\u00e9rito Pedro Chac\u00edn, como un reconocimiento al aporte a la comunicaci\u00f3n social y al compromiso por la verdad.<\/p>\n\n\n\n<p>Igualmente destac\u00f3 la presencia y la entrega de ese reconocimiento a la propia Mercedes Chac\u00edn como oradora, as\u00ed como tambi\u00e9n a los periodistas Roberto Malaver, Rub\u00e9n Wisotzki, Teresa Ovalles, amigos de Pedro Chac\u00edn; adem\u00e1s de la licenciada Grevimar Carpavire directora del Sibci Gu\u00e1rico.<\/p>\n\n\n\n<p>El desarrollo de la sesi\u00f3n especial de la C\u00e1mara Municipal incluy\u00f3 entrega de esa orden para comunicadores de trayectoria, entre ellos Marbella Sierra, Rom\u00e1n Padr\u00f3n, Beto Mirabal, Beniamino Mastrolonardo, Efra\u00edn Mej\u00eda, Celso Candelario, Marcos Gil, Marcos Bandres y la redactora de esta nota de prensa.<\/p>\n\n\n\n<p>As\u00ed mismo recibieron la Orden Honor al M\u00e9rito Pedro Chac\u00edn, las periodistas Luisanny Marrero, Anabel Ceballos, Marielvys Contreras, Masaya Candelario y Luis Aviles; los locutores H\u00e9ctor Castillo y \u00c1ngel Infante, el productor Audiovisual Eduardo Mart\u00ednez, la TSU Elohandra Reyes, la ingeniero Anam\u00edn Cario, y el licenciado Jean Carlos Gil. Tambi\u00e9n hubo reconocimientos a medios de comunicaci\u00f3n, estudiantes de esta profesi\u00f3n, comunicadores Clap, de instituciones y de escuelas del municipio Monagas.<\/p>\n\n\n\n<p>@amandasaldivia   <\/p>\n\n\n\n<p><\/p>\n","protected":false},"excerpt":{"rendered":"<p>Amanda Saldivia.- Con la orden Honor al M\u00e9rito Pedro Chac\u00edn, el Concejo Municipal y la alcald\u00eda del Municipio Jos\u00e9 Tadeo Monagas, distinguieron a comunicadores sociales, reporteros gr\u00e1ficos, locutores y productores de medios de comunicaci\u00f3n, en la sesi\u00f3n especial convocada para celebrar el D\u00eda del Periodista, este mi\u00e9rcoles 29 de junio,<\/p>\n","protected":false},"author":2,"featured_media":5010,"comment_status":"open","ping_status":"open","sticky":false,"template":"","format":"standard","meta":{"advanced_seo_description":"","jetpack_seo_html_title":"","jetpack_seo_noindex":false,"_jetpack_memberships_contains_paid_content":false,"footnotes":"","jetpack_publicize_message":"","jetpack_publicize_feature_enabled":true,"jetpack_social_post_already_shared":true,"jetpack_social_options":{"image_generator_settings":{"template":"highway","enabled":false},"version":2}},"categories":[117],"tags":[8,7,32],"class_list":["post-5009","post","type-post","status-publish","format-standard","has-post-thumbnail","hentry","category-celebracion","tag-altagraciadeorituco","tag-guarico","tag-webdealta",""],"jetpack_publicize_connections":[],"jetpack_featured_media_url":"https:\/\/webdealta.info\/wp-content\/uploads\/2022\/06\/periodistas-mercedes-chacin-webdealta.png","jetpack_sharing_enabled":true,"jetpack_likes_enabled":true,"jetpack-related-posts":[],"jetpack_shortlink":"https:\/\/wp.me\/pcseDn-1iN","_links":{"self":[{"href":"https:\/\/webdealta.info\/index.php?rest_route=\/wp\/v2\/posts\/5009","targetHints":{"allow":["GET"]}}],"collection":[{"href":"https:\/\/webdealta.info\/index.php?rest_route=\/wp\/v2\/posts"}],"about":[{"href":"https:\/\/webdealta.info\/index.php?rest_route=\/wp\/v2\/types\/post"}],"author":[{"embeddable":true,"href":"https:\/\/webdealta.info\/index.php?rest_route=\/wp\/v2\/users\/2"}],"replies":[{"embeddable":true,"href":"https:\/\/webdealta.info\/index.php?rest_route=%2Fwp%2Fv2%2Fcomments&post=5009"}],"version-history":[{"count":1,"href":"https:\/\/webdealta.info\/index.php?rest_route=\/wp\/v2\/posts\/5009\/revisions"}],"predecessor-version":[{"id":5011,"href":"https:\/\/webdealta.info\/index.php?rest_route=\/wp\/v2\/posts\/5009\/revisions\/5011"}],"wp:featuredmedia":[{"embeddable":true,"href":"https:\/\/webdealta.info\/index.php?rest_route=\/wp\/v2\/media\/5010"}],"wp:attachment":[{"href":"https:\/\/webdealta.info\/index.php?rest_route=%2Fwp%2Fv2%2Fmedia&parent=5009"}],"wp:term":[{"taxonomy":"category","embeddable":true,"href":"https:\/\/webdealta.info\/index.php?rest_route=%2Fwp%2Fv2%2Fcategories&post=5009"},{"taxonomy":"post_tag","embeddable":true,"href":"https:\/\/webdealta.info\/index.php?rest_route=%2Fwp%2Fv2%2Ftags&post=5009"}],"curies":[{"name":"wp","href":"https:\/\/api.w.org\/{rel}","templated":true}]}}