{"id":5004,"date":"2022-06-28T22:01:09","date_gmt":"2022-06-29T02:01:09","guid":{"rendered":"https:\/\/webdealta.info\/?p=5004"},"modified":"2022-06-28T22:01:10","modified_gmt":"2022-06-29T02:01:10","slug":"suspenden-clases-ante-llegada-de-potencial-ciclon-tropical","status":"publish","type":"post","link":"https:\/\/webdealta.info\/?p=5004","title":{"rendered":"Suspenden clases ante llegada de potencial cicl\u00f3n tropical"},"content":{"rendered":"\n<p>Amanda Saldivia.-<\/p>\n\n\n\n<p>En cadena nacional, el presidente Nicol\u00e1s Maduro anunci\u00f3 la suspensi\u00f3n de clases en todo el territorio nacional los d\u00edas mi\u00e9rcoles 29 y jueves 30 de junio, adem\u00e1s de las restricciones de vuelos, prohibici\u00f3n de zarpes y cierre de playas, entre otras medidas de prevenci\u00f3n ante el potencial cicl\u00f3n tropical que ingresar\u00e1 al territorio nacional a las 2:00 am de este mi\u00e9rcoles, seg\u00fan los pron\u00f3sticos del INAMEH.<\/p>\n\n\n\n<p>En la cuenta de Instagram del @inamehoficial se lee que el presidente de la Rep\u00fablica hizo una video conferencia para la \u201cevaluaci\u00f3n de la llegada del cicl\u00f3n tropical Dos a Venezuela\u201d, aunque en comunicaciones anteriores ese mismo organismo lo calific\u00f3 como potencial, con vientos m\u00e1ximos sostenidos de 65km\/h que se desplaza hacia el oeste del pa\u00eds, a una velocidad de 40 km\/h.<\/p>\n\n\n\n<p>La fotograf\u00eda que acompa\u00f1a esta nota de prensa es cortes\u00eda de Atilas, Grupo ONSA, Direcci\u00f3n de Meteorolog\u00eda y Oceanograf\u00eda. Fue tomada este martes 28 de junio, a las 2:30 pm, en la Isla de Margarita.<\/p>\n\n\n\n<p>Respecto a las medidas del ejecutivo regional, lo que se conoce hasta el momento es lo siguiente:<\/p>\n\n\n\n<ul class=\"wp-block-list\"><li>Suspendidas las clases los d\u00edas mi\u00e9rcoles 29 y jueves 30 de junio en todo el territorio nacional.<\/li><li>Restricci\u00f3n de vuelos.<\/li><li>Prohibici\u00f3n de zarpes y protecci\u00f3n de los puertos y muelles.<\/li><li>Cierre de v\u00edas que representen riegos.<\/li><li>Cierre de playas.<\/li><li>Activaci\u00f3n de refugios en las gobernaciones.<\/li><li>Instruir al pueblo antes, durante y despu\u00e9s del evento.<\/li><li>Reservas de alimentos y agua.<\/li><li>Despliegue de Bomberos, Protecci\u00f3n Civil y FANB.<\/li><li>Movilizar maquinarias de apoyo a obras p\u00fablicas.<\/li><li>Monitoreo permanente.<\/li><li>Plan para proteger el Sistema El\u00e9ctrico Nacional.<\/li><\/ul>\n\n\n\n<p>@amandasaldivia    <\/p>\n\n\n\n<p><\/p>\n","protected":false},"excerpt":{"rendered":"<p>Amanda Saldivia.- En cadena nacional, el presidente Nicol\u00e1s Maduro anunci\u00f3 la suspensi\u00f3n de clases en todo el territorio nacional los d\u00edas mi\u00e9rcoles 29 y jueves 30 de junio, adem\u00e1s de las restricciones de vuelos, prohibici\u00f3n de zarpes y cierre de playas, entre otras medidas de prevenci\u00f3n ante el potencial cicl\u00f3n<\/p>\n","protected":false},"author":2,"featured_media":5005,"comment_status":"open","ping_status":"open","sticky":false,"template":"","format":"standard","meta":{"advanced_seo_description":"","jetpack_seo_html_title":"","jetpack_seo_noindex":false,"_jetpack_memberships_contains_paid_content":false,"footnotes":"","jetpack_publicize_message":"","jetpack_publicize_feature_enabled":true,"jetpack_social_post_already_shared":true,"jetpack_social_options":{"image_generator_settings":{"template":"highway","enabled":false},"version":2}},"categories":[282],"tags":[8,7,32],"class_list":["post-5004","post","type-post","status-publish","format-standard","has-post-thumbnail","hentry","category-emergencia","tag-altagraciadeorituco","tag-guarico","tag-webdealta",""],"jetpack_publicize_connections":[],"jetpack_featured_media_url":"https:\/\/webdealta.info\/wp-content\/uploads\/2022\/06\/margarita-webdealta-ciclon-tropital-dos.png","jetpack_sharing_enabled":true,"jetpack_likes_enabled":true,"jetpack-related-posts":[],"jetpack_shortlink":"https:\/\/wp.me\/pcseDn-1iI","_links":{"self":[{"href":"https:\/\/webdealta.info\/index.php?rest_route=\/wp\/v2\/posts\/5004","targetHints":{"allow":["GET"]}}],"collection":[{"href":"https:\/\/webdealta.info\/index.php?rest_route=\/wp\/v2\/posts"}],"about":[{"href":"https:\/\/webdealta.info\/index.php?rest_route=\/wp\/v2\/types\/post"}],"author":[{"embeddable":true,"href":"https:\/\/webdealta.info\/index.php?rest_route=\/wp\/v2\/users\/2"}],"replies":[{"embeddable":true,"href":"https:\/\/webdealta.info\/index.php?rest_route=%2Fwp%2Fv2%2Fcomments&post=5004"}],"version-history":[{"count":1,"href":"https:\/\/webdealta.info\/index.php?rest_route=\/wp\/v2\/posts\/5004\/revisions"}],"predecessor-version":[{"id":5006,"href":"https:\/\/webdealta.info\/index.php?rest_route=\/wp\/v2\/posts\/5004\/revisions\/5006"}],"wp:featuredmedia":[{"embeddable":true,"href":"https:\/\/webdealta.info\/index.php?rest_route=\/wp\/v2\/media\/5005"}],"wp:attachment":[{"href":"https:\/\/webdealta.info\/index.php?rest_route=%2Fwp%2Fv2%2Fmedia&parent=5004"}],"wp:term":[{"taxonomy":"category","embeddable":true,"href":"https:\/\/webdealta.info\/index.php?rest_route=%2Fwp%2Fv2%2Fcategories&post=5004"},{"taxonomy":"post_tag","embeddable":true,"href":"https:\/\/webdealta.info\/index.php?rest_route=%2Fwp%2Fv2%2Ftags&post=5004"}],"curies":[{"name":"wp","href":"https:\/\/api.w.org\/{rel}","templated":true}]}}